{"id":5736,"date":"2022-12-10T11:32:09","date_gmt":"2022-12-10T16:32:09","guid":{"rendered":"http:\/\/www.decmultimedia.ca\/pigeon2014\/?p=5736"},"modified":"2022-12-13T09:11:45","modified_gmt":"2022-12-13T14:11:45","slug":"arrete-22-ans-plus-tard","status":"publish","type":"post","link":"http:\/\/www.decmultimedia.ca\/pigeon2014\/arrete-22-ans-plus-tard\/","title":{"rendered":"Arr\u00eat\u00e9 22 ans plus tard"},"content":{"rendered":"<p>Maica Gaudreau<\/p>\n<div>\n<p class=\"paragraph\"><span class=\"normaltextrun\"><b><span lang=\"FR\">Marc-Andr\u00e9 Grenon est soup\u00e7onn\u00e9 pour le meurtre de Guylaine Potvin 22 ans apr\u00e8s sa mort. Il a \u00e9t\u00e9 arr\u00eat\u00e9 \u00e0 Granby le 12 octobre 2022.<\/span><\/b><\/span><span class=\"eop\">\u00a0<\/span><\/p>\n<\/div>\n<div>\n<p class=\"paragraph\">Laval Potvin, le parrain de Guylaine, a appris que Marc-Andr\u00e9 Grenon avait \u00e9t\u00e9 accus\u00e9 pour le meurtre de sa ni\u00e8ce plut\u00f4t rapidement. Sa fille et sa petite-fille lui avaient envoy\u00e9 un texto pour lui apprendre la nouvelle, mais il l\u2019avait d\u00e9j\u00e0 vu sur MSN.<span class=\"normaltextrun\"><span lang=\"FR\">\u00a0<\/span><\/span><span class=\"normaltextrun\"><span lang=\"FR\">\u00ab\u2009Moi, je n\u2019avais pas esp\u00e9r\u00e9 le retrouver [le meurtrier], je pensais qu\u2019il \u00e9tait mort.\u2009\u00bb<\/span><\/span><span class=\"eop\">\u00a0<\/span>C\u2019est un soulagement pour les parents de Guylaine. \u00ab Ils voulaient absolument qu\u2019il soit arr\u00eat\u00e9 \u00bb, dit M. Potvin.<\/p>\n<\/div>\n<div>\n<p class=\"paragraph\"><span class=\"normaltextrun\"><span lang=\"FR\">C\u2019est la Division des disparitions et des dossiers non r\u00e9solus de la S\u00fbret\u00e9 du Qu\u00e9bec qui a proc\u00e9d\u00e9 \u00e0 l\u2019arrestation de cet homme<\/span><\/span><span class=\"normaltextrun\"><span lang=\"FR\"> \u00e2g\u00e9 de 47 ans<\/span><\/span><span class=\"normaltextrun\"><span lang=\"FR\">. \u00ab\u2009C\u2019est quelqu\u2019un qui a eu affaire avec la justice \u00e0 plusieurs reprises \u00bb, rappelle M. Potvin. En effet, Marc-Andr\u00e9 Grenon avait accumul\u00e9 une vingtaine d\u2019ant\u00e9c\u00e9dents criminels entre 1993 et le d\u00e9but des ann\u00e9es 2000. La majorit\u00e9 de ces d\u00e9lits se sont d\u00e9roul\u00e9s<\/span><\/span><span class=\"normaltextrun\"><span lang=\"FR\"> \u00e0<\/span><\/span><span class=\"normaltextrun\"><span lang=\"FR\"> Chicoutimi, dont un qui avait eu lieu trois jours avant le meurtre de Guylaine<\/span><\/span><span class=\"normaltextrun\"><span lang=\"FR\">.<\/span><\/span><\/p>\n<\/div>\n<div>\n<p class=\"paragraph\"><span class=\"normaltextrun\"><span lang=\"FR\">\u00ab\u2009Apr\u00e8s 22 ans, ils ont r\u00e9ussi \u00e0 avoir son ADN\u2009\u00bb gr\u00e2ce \u00e0 des m\u00e9thodes innovantes qui sont d\u00e9sormais utilis\u00e9es en biologie judiciaire.<\/span><\/span><span class=\"eop\">\u00a0<\/span><\/p>\n<\/div>\n<div>\n<p class=\"paragraph\"><span class=\"normaltextrun\"><span lang=\"FR\">Guylaine Potvin avait \u00e9t\u00e9 retrouv\u00e9e sans vie dans sa demeure sur la rue Panet<\/span><\/span><span class=\"normaltextrun\"><span lang=\"FR\"> \u00e0 <\/span><\/span><span class=\"normaltextrun\"><span lang=\"FR\">Jonqui\u00e8re le 28 avril 2000. L\u2019arrestation de Marc-Andr\u00e9 Grenon est une \u00e9norme avanc\u00e9e dans le dossier de son meurtre, mais pas que pour elle.<\/span><\/span><\/p>\n<\/div>\n<div>\n<p class=\"paragraph\"><span class=\"normaltextrun\"><span lang=\"FR\">En effet, Marc-Andr\u00e9 Grenon a<\/span><\/span><span class=\"normaltextrun\"><span lang=\"FR\"> \u00e9galement \u00e9t\u00e9 <\/span><\/span><span class=\"normaltextrun\"><span lang=\"FR\">accus\u00e9 d\u2019avoir tent\u00e9 de tu\u00e9 une autre jeune femme en l\u2019\u00e9tranglant et de l&rsquo;avoir agress\u00e9 sexuellement. \u00ab\u2009Il l\u2019avait laiss\u00e9e pour morte\u2009\u00bb<\/span><\/span><span class=\"normaltextrun\"><span lang=\"FR\"> \u00e0 Sainte-Foy rappelle Laval Potvin.<\/span><\/span><\/p>\n<\/div>\n<div>\n<p class=\"paragraph\"><span class=\"normaltextrun\"><span lang=\"FR\">Les policiers ont<\/span><\/span><span class=\"normaltextrun\"><span lang=\"FR\"> \u00e9galement <\/span><\/span><span class=\"normaltextrun\"><span lang=\"FR\">r\u00e9ussi<\/span><\/span><span class=\"normaltextrun\"><span lang=\"FR\"> \u00e0 faire le lien entre lui et <\/span><\/span><span class=\"normaltextrun\"><span lang=\"FR\">d&rsquo;autres crimes. \u00ab\u2009Ils [les enqu\u00eateurs]<\/span><\/span><span class=\"normaltextrun\"><span lang=\"FR\"> \u00e9taient certains qu\u2019il <\/span><\/span><span class=\"normaltextrun\"><span lang=\"FR\">allait en agresser d\u2019autre et ils pensent qu\u2019il [Marc-Andr\u00e9] en a agress\u00e9 d\u2019autres. C\u2019est pour \u00e7a que les enqu\u00eateurs avaient demand\u00e9 \u00e0 la population de donner de l\u2019information si jamais il y avait quelqu\u2019un qui avait \u00e9t\u00e9 agress\u00e9 pendant ces ann\u00e9es-l\u00e0 \u00bb, conclut M. Potvin.<\/span><\/span><\/p>\n<\/div>\n","protected":false},"excerpt":{"rendered":"<p>Maica Gaudreau Marc-Andr\u00e9 Grenon est soup\u00e7onn\u00e9 pour le meurtre de Guylaine Potvin 22 ans apr\u00e8s sa mort. Il a \u00e9t\u00e9 arr\u00eat\u00e9 \u00e0 Granby le 12 octobre 2022.\u00a0 Laval Potvin, le parrain de Guylaine, a appris que Marc-Andr\u00e9 Grenon avait \u00e9t\u00e9 accus\u00e9 pour le meurtre de sa ni\u00e8ce plut\u00f4t rapidement. Sa&#8230;<\/p>\n<div class=\"more-container\"><a class=\"more-link\" href=\"http:\/\/www.decmultimedia.ca\/pigeon2014\/arrete-22-ans-plus-tard\/\" itemprop=\"url\">Continue reading<\/a><\/div>\n","protected":false},"author":1,"featured_media":5738,"comment_status":"closed","ping_status":"closed","sticky":false,"template":"","format":"standard","meta":{"footnotes":""},"categories":[95,82],"tags":[],"_links":{"self":[{"href":"http:\/\/www.decmultimedia.ca\/pigeon2014\/wp-json\/wp\/v2\/posts\/5736"}],"collection":[{"href":"http:\/\/www.decmultimedia.ca\/pigeon2014\/wp-json\/wp\/v2\/posts"}],"about":[{"href":"http:\/\/www.decmultimedia.ca\/pigeon2014\/wp-json\/wp\/v2\/types\/post"}],"author":[{"embeddable":true,"href":"http:\/\/www.decmultimedia.ca\/pigeon2014\/wp-json\/wp\/v2\/users\/1"}],"replies":[{"embeddable":true,"href":"http:\/\/www.decmultimedia.ca\/pigeon2014\/wp-json\/wp\/v2\/comments?post=5736"}],"version-history":[{"count":3,"href":"http:\/\/www.decmultimedia.ca\/pigeon2014\/wp-json\/wp\/v2\/posts\/5736\/revisions"}],"predecessor-version":[{"id":6379,"href":"http:\/\/www.decmultimedia.ca\/pigeon2014\/wp-json\/wp\/v2\/posts\/5736\/revisions\/6379"}],"wp:featuredmedia":[{"embeddable":true,"href":"http:\/\/www.decmultimedia.ca\/pigeon2014\/wp-json\/wp\/v2\/media\/5738"}],"wp:attachment":[{"href":"http:\/\/www.decmultimedia.ca\/pigeon2014\/wp-json\/wp\/v2\/media?parent=5736"}],"wp:term":[{"taxonomy":"category","embeddable":true,"href":"http:\/\/www.decmultimedia.ca\/pigeon2014\/wp-json\/wp\/v2\/categories?post=5736"},{"taxonomy":"post_tag","embeddable":true,"href":"http:\/\/www.decmultimedia.ca\/pigeon2014\/wp-json\/wp\/v2\/tags?post=5736"}],"curies":[{"name":"wp","href":"https:\/\/api.w.org\/{rel}","templated":true}]}}