{"id":5744,"date":"2022-12-10T11:25:45","date_gmt":"2022-12-10T16:25:45","guid":{"rendered":"http:\/\/www.decmultimedia.ca\/pigeon2014\/?p=5744"},"modified":"2026-02-23T10:13:43","modified_gmt":"2026-02-23T15:13:43","slug":"europe-croissance-exponentielle-de-lextreme-droite","status":"publish","type":"post","link":"http:\/\/www.decmultimedia.ca\/pigeon2014\/europe-croissance-exponentielle-de-lextreme-droite\/","title":{"rendered":"Europe : Croissance exponentielle de l\u2019extr\u00eame droite"},"content":{"rendered":"<p><strong>Henri Agin<\/strong><\/p>\n<p style=\"font-weight: 400;\"><strong>L\u2019Europe est frapp\u00e9e de plein fouet par la mont\u00e9e du mouvement d\u2019extr\u00eame droite depuis maintenant plusieurs ann\u00e9es. Des pays comme l\u2019Italie, la Hongrie ainsi que la Pologne sont dirig\u00e9s par des gouvernements de ce type<\/strong><\/p>\n<p style=\"font-weight: 400;\">En politique, nous entendons constamment parler de partis de droite et de gauche. Mais qu\u2019est que la diff\u00e9rence entre ces deux-l\u00e0 ? \u00ab La droite qui va \u00eatre plus un mouvement de conservateur, [\u2026], plus proche de la religion [\u2026]. La gauche, on sera plus progressiste, on veut que \u00e7a avance \u00bb, explique Pierre Turcotte, enseignant en science politique au C\u00e9gep de Jonqui\u00e8re. En effet, cette derni\u00e8re d\u00e9fend des valeurs tels que la solidarit\u00e9 sociale ainsi que le progr\u00e8s social tandis que la droite soutient la d\u00e9fense des traditions et aussi la libert\u00e9 individuelle.<\/p>\n<p style=\"font-weight: 400;\">Par la suite, il y a quelques explications \u00e0 ce ph\u00e9nom\u00e8ne, ce dernier ne datant pas d\u2019hier. \u00ab La cause, [\u2026] \u00e0 partir des mouvements coloniaux [\u2026] toutes les ressources et toute la richesse, [\u2026] ce sont les compagnies canadiennes, am\u00e9ricaines, etc. (qui poss\u00e8dent tout). \u00c7a, \u00e7a cr\u00e9e une frustration. [\u2026] Ils se disent que la vie serait peut-\u00eatre mieux chez nous, donc il va avoir des mouvements de population \u00bb, a mentionn\u00e9 M. Turcotte.<\/p>\n<p style=\"font-weight: 400;\">Ce mouvement de population alimente la haine sociale envers les immigrants, explique Luc Chartrand dans un article publi\u00e9 sur le site de <em>Radio-Canada<\/em>. Depuis la crise des migrants en 2015, plusieurs partis politiques europ\u00e9ens montent en popularit\u00e9 en ayant un plan en t\u00eate : faire stopper l\u2019immigration musulmane de masse.<\/p>\n<p style=\"font-weight: 400;\">\u00ab Je ne le sais pas \u00bb, r\u00e9pond Pierre Turcotte quant au futur de ce mouvement. \u00ab La <a href=\"https:\/\/cpm-eng-group.com\/sildenafil-uses-how-it-works-safety-and-side-effects\/\" rel=\"noopener noreferrer\">seule solution<\/a>, c\u2019est de donner de la qualit\u00e9 de vie partout sur la plan\u00e8te. Il faut sortir les gens de la pauvret\u00e9 [\u2026] mais \u00e7a c\u2019est difficile, l\u00e2cher un peu de pouvoir. \u00bb Bref, c\u2019est un sujet que n\u2019avons certainement pas fini d\u2019entendre en Europe.<\/p>\n<p>\u00a0<\/p>\n<p>\u00a0<\/p>\n","protected":false},"excerpt":{"rendered":"<p>Henri Agin L\u2019Europe est frapp\u00e9e de plein fouet par la mont\u00e9e du mouvement d\u2019extr\u00eame droite depuis maintenant plusieurs ann\u00e9es. Des pays comme l\u2019Italie, la Hongrie ainsi que la Pologne sont dirig\u00e9s par des gouvernements de ce type En politique, nous entendons constamment parler de partis de droite et de gauche&#8230;.<\/p>\n<div class=\"more-container\"><a class=\"more-link\" href=\"http:\/\/www.decmultimedia.ca\/pigeon2014\/europe-croissance-exponentielle-de-lextreme-droite\/\" itemprop=\"url\">Continue reading<\/a><\/div>\n","protected":false},"author":1,"featured_media":5748,"comment_status":"closed","ping_status":"closed","sticky":false,"template":"","format":"standard","meta":{"footnotes":""},"categories":[95,82],"tags":[],"_links":{"self":[{"href":"http:\/\/www.decmultimedia.ca\/pigeon2014\/wp-json\/wp\/v2\/posts\/5744"}],"collection":[{"href":"http:\/\/www.decmultimedia.ca\/pigeon2014\/wp-json\/wp\/v2\/posts"}],"about":[{"href":"http:\/\/www.decmultimedia.ca\/pigeon2014\/wp-json\/wp\/v2\/types\/post"}],"author":[{"embeddable":true,"href":"http:\/\/www.decmultimedia.ca\/pigeon2014\/wp-json\/wp\/v2\/users\/1"}],"replies":[{"embeddable":true,"href":"http:\/\/www.decmultimedia.ca\/pigeon2014\/wp-json\/wp\/v2\/comments?post=5744"}],"version-history":[{"count":5,"href":"http:\/\/www.decmultimedia.ca\/pigeon2014\/wp-json\/wp\/v2\/posts\/5744\/revisions"}],"predecessor-version":[{"id":7405,"href":"http:\/\/www.decmultimedia.ca\/pigeon2014\/wp-json\/wp\/v2\/posts\/5744\/revisions\/7405"}],"wp:featuredmedia":[{"embeddable":true,"href":"http:\/\/www.decmultimedia.ca\/pigeon2014\/wp-json\/wp\/v2\/media\/5748"}],"wp:attachment":[{"href":"http:\/\/www.decmultimedia.ca\/pigeon2014\/wp-json\/wp\/v2\/media?parent=5744"}],"wp:term":[{"taxonomy":"category","embeddable":true,"href":"http:\/\/www.decmultimedia.ca\/pigeon2014\/wp-json\/wp\/v2\/categories?post=5744"},{"taxonomy":"post_tag","embeddable":true,"href":"http:\/\/www.decmultimedia.ca\/pigeon2014\/wp-json\/wp\/v2\/tags?post=5744"}],"curies":[{"name":"wp","href":"https:\/\/api.w.org\/{rel}","templated":true}]}}