{"id":5941,"date":"2022-12-09T16:08:39","date_gmt":"2022-12-09T21:08:39","guid":{"rendered":"http:\/\/www.decmultimedia.ca\/pigeon2014\/?p=5941"},"modified":"2022-12-13T09:10:26","modified_gmt":"2022-12-13T14:10:26","slug":"la-polyvalence-larme-de-yann-perreau","status":"publish","type":"post","link":"http:\/\/www.decmultimedia.ca\/pigeon2014\/la-polyvalence-larme-de-yann-perreau\/","title":{"rendered":"La polyvalence, l&rsquo;arme de Yann Perreau"},"content":{"rendered":"<p><strong>Louis Lapointe<\/strong><\/p>\n<p><b><span data-contrast=\"auto\">Yann Perreau, musicien qu\u00e9b\u00e9cois depuis les ann\u00e9es 90, n\u2019appartient pas \u00e0 un style musical pr\u00e9cis.\u00a0<\/span><\/b><span data-ccp-props=\"{&quot;201341983&quot;:0,&quot;335551550&quot;:6,&quot;335551620&quot;:6,&quot;335559740&quot;:360}\">\u00a0<\/span><\/p>\n<p><span data-contrast=\"auto\">Depuis ses d\u00e9buts avec le groupe de rock progressif \u00ab\u202fDoc et les Chirurgiens\u202f\u00bb, Yann Perreau, n\u00e9 le 5 avril 1976, cr\u00e9e des chansons diff\u00e9rentes les unes des autres. Apr\u00e8s avoir touch\u00e9 une panoplie de styles, l\u2019auteur-compositeur-interpr\u00e8te de 46 ans n\u2019a pas l\u2019intention de s\u2019arr\u00eater. <\/span><\/p>\n<p><span data-contrast=\"auto\">D\u00e9sormais r\u00e9sident de Paris, il travaille sur la sortie d\u2019un futur album\u202f. \u00ab Selon les gens \u00e0 qui j\u2019ai fait \u00e9couter le prochain album, c\u2019est comme si j\u2019avais fait une synth\u00e8se de tous mes premiers albums\u202f\u00bb, dit M. Perreau. Apr\u00e8s quatre opus tous singuliers entre 2002 et 2012, c\u2019est finalement avec le projet <\/span><i><span data-contrast=\"auto\">Le fantastique des astres<\/span><\/i><span data-contrast=\"auto\">, paru en 2016, que le natif de Lanaudi\u00e8re explose en popularit\u00e9. Sa chanson folk \u00ab\u202fT\u2019embellis ma vie\u202f\u00bb compte d\u00e9sormais un peu plus de quatre millions d\u2019\u00e9coutes sur la plateforme YouTube.<\/span><span data-ccp-props=\"{&quot;201341983&quot;:0,&quot;335551550&quot;:6,&quot;335551620&quot;:6,&quot;335559740&quot;:360}\">\u00a0<\/span><\/p>\n<p><span data-contrast=\"auto\">Apr\u00e8s une pause forc\u00e9e par la pand\u00e9mie, Yann Perreau est de retour avec le single \u00ab\u202fVa o\u00f9 ton c\u0153ur te porte\u202f\u00bb, sorti le 20 mai 2022. Malgr\u00e9 toutes ses promesses de nouvel album, une question se pose\u202f: \u00e0 quand la sortie de ce fameux nouveau projet ? Selon le musicien autodidacte, cela peut prendre encore beaucoup de temps car, comme il le pr\u00e9cise, le fait de r\u00e9sider maintenant en Europe signifie qu\u2019il doit se former une nouvelle \u00e9quipe. <\/span><\/p>\n<p><span data-contrast=\"auto\">Selon lui, sa polyvalence et son \u00e9clectisme musical sont li\u00e9s au fait qu\u2019il a toujours jou\u00e9 les chansons qu\u2019il avait envie d\u2019entendre. Il n\u2019a jamais voulu satisfaire seulement ses fans. Comme il le pr\u00e9cise lui-m\u00eame lors de l\u2019entretien, il est \u00ab\u202f<\/span>tout le temps en train d\u2019essayer de renouveler la musique<i><span data-contrast=\"auto\">.<\/span><\/i><span data-contrast=\"auto\">\u202f\u00bb <\/span><span data-ccp-props=\"{&quot;201341983&quot;:0,&quot;335551550&quot;:6,&quot;335551620&quot;:6,&quot;335559740&quot;:360}\">\u00a0<\/span><\/p>\n<p><span data-contrast=\"auto\">Yann Perreau ne s\u2019identifie \u00e0 aucun style musical. Il joue ce qu\u2019il veut, quand il veut. Sans album depuis 2016, Yann Perreau esp\u00e8re pouvoir faire un retour en force avec une nouvelle cr\u00e9ation qui, selon plusieurs fans, s\u2019est d\u00e9j\u00e0 trop faite attendre\u2026\u00a0<\/span><span data-ccp-props=\"{&quot;201341983&quot;:0,&quot;335551550&quot;:6,&quot;335551620&quot;:6,&quot;335559740&quot;:360}\">\u00a0<\/span><\/p>\n","protected":false},"excerpt":{"rendered":"<p>Louis Lapointe Yann Perreau, musicien qu\u00e9b\u00e9cois depuis les ann\u00e9es 90, n\u2019appartient pas \u00e0 un style musical pr\u00e9cis.\u00a0\u00a0 Depuis ses d\u00e9buts avec le groupe de rock progressif \u00ab\u202fDoc et les Chirurgiens\u202f\u00bb, Yann Perreau, n\u00e9 le 5 avril 1976, cr\u00e9e des chansons diff\u00e9rentes les unes des autres. Apr\u00e8s avoir touch\u00e9 une panoplie&#8230;<\/p>\n<div class=\"more-container\"><a class=\"more-link\" href=\"http:\/\/www.decmultimedia.ca\/pigeon2014\/la-polyvalence-larme-de-yann-perreau\/\" itemprop=\"url\">Continue reading<\/a><\/div>\n","protected":false},"author":1,"featured_media":5944,"comment_status":"closed","ping_status":"closed","sticky":false,"template":"","format":"standard","meta":{"footnotes":""},"categories":[130,74],"tags":[20],"_links":{"self":[{"href":"http:\/\/www.decmultimedia.ca\/pigeon2014\/wp-json\/wp\/v2\/posts\/5941"}],"collection":[{"href":"http:\/\/www.decmultimedia.ca\/pigeon2014\/wp-json\/wp\/v2\/posts"}],"about":[{"href":"http:\/\/www.decmultimedia.ca\/pigeon2014\/wp-json\/wp\/v2\/types\/post"}],"author":[{"embeddable":true,"href":"http:\/\/www.decmultimedia.ca\/pigeon2014\/wp-json\/wp\/v2\/users\/1"}],"replies":[{"embeddable":true,"href":"http:\/\/www.decmultimedia.ca\/pigeon2014\/wp-json\/wp\/v2\/comments?post=5941"}],"version-history":[{"count":3,"href":"http:\/\/www.decmultimedia.ca\/pigeon2014\/wp-json\/wp\/v2\/posts\/5941\/revisions"}],"predecessor-version":[{"id":6366,"href":"http:\/\/www.decmultimedia.ca\/pigeon2014\/wp-json\/wp\/v2\/posts\/5941\/revisions\/6366"}],"wp:featuredmedia":[{"embeddable":true,"href":"http:\/\/www.decmultimedia.ca\/pigeon2014\/wp-json\/wp\/v2\/media\/5944"}],"wp:attachment":[{"href":"http:\/\/www.decmultimedia.ca\/pigeon2014\/wp-json\/wp\/v2\/media?parent=5941"}],"wp:term":[{"taxonomy":"category","embeddable":true,"href":"http:\/\/www.decmultimedia.ca\/pigeon2014\/wp-json\/wp\/v2\/categories?post=5941"},{"taxonomy":"post_tag","embeddable":true,"href":"http:\/\/www.decmultimedia.ca\/pigeon2014\/wp-json\/wp\/v2\/tags?post=5941"}],"curies":[{"name":"wp","href":"https:\/\/api.w.org\/{rel}","templated":true}]}}