{"id":5946,"date":"2022-12-09T16:13:35","date_gmt":"2022-12-09T21:13:35","guid":{"rendered":"http:\/\/www.decmultimedia.ca\/pigeon2014\/?p=5946"},"modified":"2022-12-13T09:10:38","modified_gmt":"2022-12-13T14:10:38","slug":"la-culture-cest-dans-notre-nature","status":"publish","type":"post","link":"http:\/\/www.decmultimedia.ca\/pigeon2014\/la-culture-cest-dans-notre-nature\/","title":{"rendered":"La culture c&rsquo;est dans notre nature"},"content":{"rendered":"<p><strong>Jade Lapointe<\/strong><\/p>\n<p><strong>C\u2019est 400 millions de dollars de plus que la r\u00e9gion b\u00e9n\u00e9ficie pour aider la culture d\u2019ici. Le directeur en affaire des Cultures et des Communications au Saguenay Lac St-Jean, Pierre Dassylva d\u00e9voile les vrais chiffres.\u00a0<\/strong><\/p>\n<p><span data-contrast=\"auto\">Le minist\u00e8re de la Culture a d\u00e9voil\u00e9 en octobre 2022 les chiffres d\u2019investissements des deux derni\u00e8res ann\u00e9es 2020-2021. On constate une r\u00e9elle augmentation des fonds culturels compar\u00e9 aux autres ann\u00e9es, caus\u00e9e particuli\u00e8rement par la pand\u00e9mie. Des fonds suppl\u00e9mentaires qui servent \u00e0 aider, soutenir, et pr\u00e9server notre patrimoine culturel en r\u00e9gion.\u00a0 <\/span><span data-ccp-props=\"{&quot;201341983&quot;:0,&quot;335551550&quot;:6,&quot;335551620&quot;:6,&quot;335559740&quot;:276}\">\u00a0<\/span><\/p>\n<p><span data-contrast=\"auto\">En effet, le budget avant la pand\u00e9mie de la COVID 19 \u00e9tait de 900 millions de dollars. En deux ans, ce budget est pass\u00e9 \u00e0 pr\u00e8s de 1.3 milliard de dollars. C\u2019est une contribution gouvernementale qui fait survivre les organismes du Saguenay Lac Saint-Jean et de la C\u00f4te-Nord pendant les 2 ans de mis\u00e8re. On parle des mus\u00e9es, des patrimoines culturels, des \u00e9coles de musique, des \u00e9coles de danse et des biblioth\u00e8ques en r\u00e9gion.<\/span><span data-ccp-props=\"{&quot;201341983&quot;:0,&quot;335551550&quot;:6,&quot;335551620&quot;:6,&quot;335559740&quot;:276}\">\u00a0<\/span><\/p>\n<p><span data-contrast=\"auto\">Monsieur Dassylva ajoute \u00ab qu&rsquo;en r\u00e9gion nous avons 20% de toutes les \u00e9coles de danse et de musique aux Qu\u00e9bec. \u00bb Une information pertinente, pense Pierre Dassylva. Il remarque que notre belle r\u00e9gion du Qu\u00e9bec se d\u00e9marque parmi les autres. On parle d\u2019une culture en sant\u00e9, dont le financement suppl\u00e9mentaire aura permis de pr\u00e9server plusieurs emplois du milieu culturel important dans toute la r\u00e9gion du Saguenay Lac-St-Jean et de la C\u00f4te-Nord.<\/span><span data-ccp-props=\"{&quot;201341983&quot;:0,&quot;335551550&quot;:6,&quot;335551620&quot;:6,&quot;335559740&quot;:276}\">\u00a0<\/span><\/p>\n<p><span data-contrast=\"auto\">Par exemple, \u00ab on parle de 2.2 millions donn\u00e9s au Palace d\u2019Arvida \u00bb situ\u00e9 sur le boulevard Mellon. Le th\u00e9\u00e2tre construit en 1927 a subi des r\u00e9novations majeures en 2020. Aujourd\u2019hui, le th\u00e9\u00e2tre repart en force pour l\u2019hiver 2022-2023 avec des spectacles pr\u00e9vus qui am\u00e8nent plusieurs artistes connus dont Ludovick Bourgeois, Bleu Jeans Bleu, Les Louange et plein d\u2019autres.<\/span><span data-ccp-props=\"{&quot;201341983&quot;:0,&quot;335551550&quot;:6,&quot;335551620&quot;:6,&quot;335559740&quot;:276}\">\u00a0<\/span><\/p>\n","protected":false},"excerpt":{"rendered":"<p>Jade Lapointe C\u2019est 400 millions de dollars de plus que la r\u00e9gion b\u00e9n\u00e9ficie pour aider la culture d\u2019ici. Le directeur en affaire des Cultures et des Communications au Saguenay Lac St-Jean, Pierre Dassylva d\u00e9voile les vrais chiffres.\u00a0 Le minist\u00e8re de la Culture a d\u00e9voil\u00e9 en octobre 2022 les chiffres d\u2019investissements&#8230;<\/p>\n<div class=\"more-container\"><a class=\"more-link\" href=\"http:\/\/www.decmultimedia.ca\/pigeon2014\/la-culture-cest-dans-notre-nature\/\" itemprop=\"url\">Continue reading<\/a><\/div>\n","protected":false},"author":1,"featured_media":5948,"comment_status":"closed","ping_status":"closed","sticky":false,"template":"","format":"standard","meta":{"footnotes":""},"categories":[130,74],"tags":[53],"_links":{"self":[{"href":"http:\/\/www.decmultimedia.ca\/pigeon2014\/wp-json\/wp\/v2\/posts\/5946"}],"collection":[{"href":"http:\/\/www.decmultimedia.ca\/pigeon2014\/wp-json\/wp\/v2\/posts"}],"about":[{"href":"http:\/\/www.decmultimedia.ca\/pigeon2014\/wp-json\/wp\/v2\/types\/post"}],"author":[{"embeddable":true,"href":"http:\/\/www.decmultimedia.ca\/pigeon2014\/wp-json\/wp\/v2\/users\/1"}],"replies":[{"embeddable":true,"href":"http:\/\/www.decmultimedia.ca\/pigeon2014\/wp-json\/wp\/v2\/comments?post=5946"}],"version-history":[{"count":2,"href":"http:\/\/www.decmultimedia.ca\/pigeon2014\/wp-json\/wp\/v2\/posts\/5946\/revisions"}],"predecessor-version":[{"id":6368,"href":"http:\/\/www.decmultimedia.ca\/pigeon2014\/wp-json\/wp\/v2\/posts\/5946\/revisions\/6368"}],"wp:featuredmedia":[{"embeddable":true,"href":"http:\/\/www.decmultimedia.ca\/pigeon2014\/wp-json\/wp\/v2\/media\/5948"}],"wp:attachment":[{"href":"http:\/\/www.decmultimedia.ca\/pigeon2014\/wp-json\/wp\/v2\/media?parent=5946"}],"wp:term":[{"taxonomy":"category","embeddable":true,"href":"http:\/\/www.decmultimedia.ca\/pigeon2014\/wp-json\/wp\/v2\/categories?post=5946"},{"taxonomy":"post_tag","embeddable":true,"href":"http:\/\/www.decmultimedia.ca\/pigeon2014\/wp-json\/wp\/v2\/tags?post=5946"}],"curies":[{"name":"wp","href":"https:\/\/api.w.org\/{rel}","templated":true}]}}