{"id":5964,"date":"2022-12-09T15:52:27","date_gmt":"2022-12-09T20:52:27","guid":{"rendered":"http:\/\/www.decmultimedia.ca\/pigeon2014\/?p=5964"},"modified":"2022-12-13T09:09:51","modified_gmt":"2022-12-13T14:09:51","slug":"lenvers-de-laide-humanitaire","status":"publish","type":"post","link":"http:\/\/www.decmultimedia.ca\/pigeon2014\/lenvers-de-laide-humanitaire\/","title":{"rendered":"L\u2019envers de l\u2019aide humanitaire."},"content":{"rendered":"<p><strong>Audr\u00e9e Ann Curodeau<\/strong><\/p>\n<p><strong>L\u2019aide humanitaire a chang\u00e9 la vision de voir de Patricia Labrecque depuis son voyage en 2016 en Afrique.\u00a0<\/strong><\/p>\n<p><span data-contrast=\"auto\">Depuis son plus jeune \u00e2ge, Patricia Labrecque a toujours su qu\u2019elle partirait un jour en Afrique pour aider en donnant de son temps. <\/span><span data-contrast=\"auto\">\u00ab En fait c\u2019est un r\u00eave depuis que je suis petite, j\u2019ai toujours dit que je vais aller en Afrique un jour faire de l\u2019aide humanitaire \u00bb, explique Mme Labrecque.<\/span><span data-contrast=\"auto\">\u00a0<\/span><span data-ccp-props=\"{&quot;201341983&quot;:0,&quot;335559739&quot;:160,&quot;335559740&quot;:259}\">\u00a0<\/span><\/p>\n<p><span data-contrast=\"auto\">Originaire du Qu\u00e9bec, elle est partie quinze jours faire l\u2019enseignement du fran\u00e7ais et des math\u00e9matiques dans les \u00e9coles primaires du Burkina Faso. Il y avait aussi des cours de danse en apr\u00e8s-midi et certaines activit\u00e9s planifi\u00e9es. C\u2019est un syst\u00e8me diff\u00e9rent du Qu\u00e9bec dit-elle. \u00ab Puis on faisait des activit\u00e9s avec eux aussi, c\u2019\u00e9tait juste quelques heures, il n\u2019y a pas de pression de huit heures par jour. \u00bb<\/span><span data-ccp-props=\"{&quot;201341983&quot;:0,&quot;335559739&quot;:160,&quot;335559740&quot;:259}\">\u00a0<\/span><\/p>\n<p><span data-contrast=\"auto\">Elle voyait concr\u00e8tement l\u2019impact qu\u2019elle avait sur la vie des jeunes et des familles. \u00ab C\u2019est vraiment la reconnaissance, de voir leur sourire puis de les voir heureux et de les voir reconnaissants envers nous. \u00bb<\/span>\u00a0<span data-ccp-props=\"{&quot;201341983&quot;:0,&quot;335559739&quot;:160,&quot;335559740&quot;:259}\">\u00a0<\/span><\/p>\n<p><span data-contrast=\"auto\">En revenant au Qu\u00e9bec, Patricia Labrecque s\u2019est aper\u00e7ue que non seulement elle avait cr\u00e9\u00e9 des liens avec les Burkinab\u00e8s, mais qu\u2019elle revenait grandie et la t\u00eate remplie de nouvelles connaissances de la vie. \u00ab Moi j\u2019ai vraiment grandie aussi au travers de tout \u00e7a, d\u2019appr\u00e9cier plus aussi ce qu\u2019on a. \u00bb<\/span><span data-contrast=\"auto\">\u00a0 Partir l\u00e0-bas l\u2019a aid\u00e9 \u00e0 son d\u00e9veloppement personnel.\u00a0<\/span><span data-ccp-props=\"{&quot;201341983&quot;:0,&quot;335559739&quot;:160,&quot;335559740&quot;:259}\">\u00a0<\/span><\/p>\n<p><span data-contrast=\"auto\">Mme Labrecque n\u2019est pas partie seule. Elle \u00e9tait accompagn\u00e9e de sa s\u0153ur et d\u2019un organisme se nommant <em>Double sens<\/em>. Tout y \u00e9tait inclus dans le prix de d\u00e9part : la nourriture, le logement, un safari et une excursion pour voir les crocodiles.<\/span><span data-ccp-props=\"{&quot;201341983&quot;:0,&quot;335559739&quot;:160,&quot;335559740&quot;:259}\">\u00a0<\/span><\/p>\n<p><span data-contrast=\"auto\">Passer autant de temps avec ces personnes fait que certains liens sont cr\u00e9\u00e9s. Patricia est toujours en contact avec certaines familles qui vivent dans l\u2019Afrique de l\u2019Ouest. Elle \u00e9tait h\u00e9berg\u00e9e dans une famille locale de la ville, qui lui faisait d\u00e9couvrir sa culture et son mode de vie. \u00ab \u00c7a m\u2019a aid\u00e9e personnellement \u00e0 appr\u00e9cier la vie et appr\u00e9cier ce qu\u2019on a. \u00bb<\/span><span data-contrast=\"auto\">\u00a0\u00a0\u00a0\u00a0\u00a0\u00a0<\/span><span data-ccp-props=\"{&quot;201341983&quot;:0,&quot;335559739&quot;:160,&quot;335559740&quot;:259}\">\u00a0<\/span><\/p>\n<p><span data-ccp-props=\"{&quot;201341983&quot;:0,&quot;335559739&quot;:160,&quot;335559740&quot;:259}\">\u00a0<\/span><\/p>\n","protected":false},"excerpt":{"rendered":"<p>Audr\u00e9e Ann Curodeau L\u2019aide humanitaire a chang\u00e9 la vision de voir de Patricia Labrecque depuis son voyage en 2016 en Afrique.\u00a0 Depuis son plus jeune \u00e2ge, Patricia Labrecque a toujours su qu\u2019elle partirait un jour en Afrique pour aider en donnant de son temps. \u00ab En fait c\u2019est un r\u00eave&#8230;<\/p>\n<div class=\"more-container\"><a class=\"more-link\" href=\"http:\/\/www.decmultimedia.ca\/pigeon2014\/lenvers-de-laide-humanitaire\/\" itemprop=\"url\">Continue reading<\/a><\/div>\n","protected":false},"author":1,"featured_media":5968,"comment_status":"closed","ping_status":"closed","sticky":false,"template":"","format":"standard","meta":{"footnotes":""},"categories":[95,72],"tags":[],"_links":{"self":[{"href":"http:\/\/www.decmultimedia.ca\/pigeon2014\/wp-json\/wp\/v2\/posts\/5964"}],"collection":[{"href":"http:\/\/www.decmultimedia.ca\/pigeon2014\/wp-json\/wp\/v2\/posts"}],"about":[{"href":"http:\/\/www.decmultimedia.ca\/pigeon2014\/wp-json\/wp\/v2\/types\/post"}],"author":[{"embeddable":true,"href":"http:\/\/www.decmultimedia.ca\/pigeon2014\/wp-json\/wp\/v2\/users\/1"}],"replies":[{"embeddable":true,"href":"http:\/\/www.decmultimedia.ca\/pigeon2014\/wp-json\/wp\/v2\/comments?post=5964"}],"version-history":[{"count":2,"href":"http:\/\/www.decmultimedia.ca\/pigeon2014\/wp-json\/wp\/v2\/posts\/5964\/revisions"}],"predecessor-version":[{"id":6359,"href":"http:\/\/www.decmultimedia.ca\/pigeon2014\/wp-json\/wp\/v2\/posts\/5964\/revisions\/6359"}],"wp:featuredmedia":[{"embeddable":true,"href":"http:\/\/www.decmultimedia.ca\/pigeon2014\/wp-json\/wp\/v2\/media\/5968"}],"wp:attachment":[{"href":"http:\/\/www.decmultimedia.ca\/pigeon2014\/wp-json\/wp\/v2\/media?parent=5964"}],"wp:term":[{"taxonomy":"category","embeddable":true,"href":"http:\/\/www.decmultimedia.ca\/pigeon2014\/wp-json\/wp\/v2\/categories?post=5964"},{"taxonomy":"post_tag","embeddable":true,"href":"http:\/\/www.decmultimedia.ca\/pigeon2014\/wp-json\/wp\/v2\/tags?post=5964"}],"curies":[{"name":"wp","href":"https:\/\/api.w.org\/{rel}","templated":true}]}}