{"id":6038,"date":"2022-12-09T11:42:37","date_gmt":"2022-12-09T16:42:37","guid":{"rendered":"http:\/\/www.decmultimedia.ca\/pigeon2014\/?p=6038"},"modified":"2022-12-13T09:08:24","modified_gmt":"2022-12-13T14:08:24","slug":"une-fabuleuse-experience-sur-scene","status":"publish","type":"post","link":"http:\/\/www.decmultimedia.ca\/pigeon2014\/une-fabuleuse-experience-sur-scene\/","title":{"rendered":"Une  \u00ab Fabuleuse \u00bb exp\u00e9rience sur sc\u00e8ne"},"content":{"rendered":"<p><strong>Laurence Richard<\/strong><\/p>\n<p><strong>T\u00e9moignage d\u2019une exp\u00e9rience inoubliable au sein de la Fabuleuse Histoire d\u2019un Royaume \u00e0 La Baie par Victoria B-Therrien, com\u00e9dienne dans le spectacle pendant 10 ans.<\/strong><\/p>\n<p>Tout commence en 2012 alors qu\u2019elle a 12 ans. Sa famille vient de d\u00e9m\u00e9nager au Saguenay. L\u2019\u00e9t\u00e9 pr\u00e9c\u00e9dent, elle a assist\u00e9 au spectacle pour la premi\u00e8re fois en compagnie de sa famille. Tous ont ador\u00e9. C\u2019est pendant l\u2019ann\u00e9e qui suit que sa m\u00e8re rep\u00e8re une annonce d\u2019auditions dans les journaux. Le spectacle cherche des com\u00e9diens. C\u2019est alors que la famille saute sur le projet.<\/p>\n<p>Dix ans plus tard, le spectacle repr\u00e9sente beaucoup pour Victoria. \u00ab Je pense que c\u2019est le fait d\u2019\u00eatre avec des amis. Le spectacle forme vraiment une grande famille et c\u2019est aussi une activit\u00e9 que je faisais avec la mienne. Juste avoir tout le monde qui nous applaudit \u00e0 tous les soirs, c\u2019est comme une petite adr\u00e9naline ou une petite \u00e9motion \u00bb, dit-elle.<\/p>\n<p>Dix ans apportent leurs lots de d\u00e9fis. Plusieurs changements ont eu lieu au sein du spectacle. En 2020, Jimmy Doucet succ\u00e8de \u00e0 Louis Wauthier en tant que metteur en sc\u00e8ne. L\u2019ann\u00e9e suivante, le spectacle s\u2019adapte \u00e0 la pand\u00e9mie et devient Les Fabuleuses Histoires de l\u2019Esprit du Fjord.<\/p>\n<p>Pour Victoria, ceci rend l\u2019exp\u00e9rience plus int\u00e9ressante. \u00ab C\u2019est s\u00fbr que si c\u2019est toujours la m\u00eame chose, \u00e7a en devient redondant. Seulement le fait que l\u2019on change de metteur en sc\u00e8ne ou que l\u2019on change de spectacle est compl\u00e8tement nouveau et on recommence depuis le d\u00e9but. \u00c7a m\u2019a plus <em>challeng\u00e9<\/em> que d\u2019autre chose. \u00bb<\/p>\n<p>Elle avoue entre autre que son r\u00f4le principal en tant qu\u2019une jeune mari\u00e9e dans la pi\u00e8ce adapt\u00e9e de 2021 a \u00e9t\u00e9 son moment le plus marquant. Apr\u00e8s avoir assist\u00e9 \u00e0 un mariage aux \u00c9tats-Unis, son personnage est d\u00e9cid\u00e9 \u00e0 organiser une c\u00e9r\u00e9monie tr\u00e8s color\u00e9e.<\/p>\n<p>Apr\u00e8s dix ans en tant que com\u00e9dienne dans le spectacle, Victoria va retenir beaucoup de choses de son exp\u00e9rience. \u00ab\u00a0La Fabuleuse m\u2019a permis de me d\u00e9couvrir en tant que personne, me trouver des passions et de m\u2019ouvrir aux autres. C\u2019est malade!\u00a0\u00bb<\/p>\n","protected":false},"excerpt":{"rendered":"<p>Laurence Richard T\u00e9moignage d\u2019une exp\u00e9rience inoubliable au sein de la Fabuleuse Histoire d\u2019un Royaume \u00e0 La Baie par Victoria B-Therrien, com\u00e9dienne dans le spectacle pendant 10 ans. Tout commence en 2012 alors qu\u2019elle a 12 ans. Sa famille vient de d\u00e9m\u00e9nager au Saguenay. L\u2019\u00e9t\u00e9 pr\u00e9c\u00e9dent, elle a assist\u00e9 au spectacle&#8230;<\/p>\n<div class=\"more-container\"><a class=\"more-link\" href=\"http:\/\/www.decmultimedia.ca\/pigeon2014\/une-fabuleuse-experience-sur-scene\/\" itemprop=\"url\">Continue reading<\/a><\/div>\n","protected":false},"author":1,"featured_media":6040,"comment_status":"closed","ping_status":"closed","sticky":false,"template":"","format":"standard","meta":{"footnotes":""},"categories":[130,81],"tags":[90],"_links":{"self":[{"href":"http:\/\/www.decmultimedia.ca\/pigeon2014\/wp-json\/wp\/v2\/posts\/6038"}],"collection":[{"href":"http:\/\/www.decmultimedia.ca\/pigeon2014\/wp-json\/wp\/v2\/posts"}],"about":[{"href":"http:\/\/www.decmultimedia.ca\/pigeon2014\/wp-json\/wp\/v2\/types\/post"}],"author":[{"embeddable":true,"href":"http:\/\/www.decmultimedia.ca\/pigeon2014\/wp-json\/wp\/v2\/users\/1"}],"replies":[{"embeddable":true,"href":"http:\/\/www.decmultimedia.ca\/pigeon2014\/wp-json\/wp\/v2\/comments?post=6038"}],"version-history":[{"count":2,"href":"http:\/\/www.decmultimedia.ca\/pigeon2014\/wp-json\/wp\/v2\/posts\/6038\/revisions"}],"predecessor-version":[{"id":6097,"href":"http:\/\/www.decmultimedia.ca\/pigeon2014\/wp-json\/wp\/v2\/posts\/6038\/revisions\/6097"}],"wp:featuredmedia":[{"embeddable":true,"href":"http:\/\/www.decmultimedia.ca\/pigeon2014\/wp-json\/wp\/v2\/media\/6040"}],"wp:attachment":[{"href":"http:\/\/www.decmultimedia.ca\/pigeon2014\/wp-json\/wp\/v2\/media?parent=6038"}],"wp:term":[{"taxonomy":"category","embeddable":true,"href":"http:\/\/www.decmultimedia.ca\/pigeon2014\/wp-json\/wp\/v2\/categories?post=6038"},{"taxonomy":"post_tag","embeddable":true,"href":"http:\/\/www.decmultimedia.ca\/pigeon2014\/wp-json\/wp\/v2\/tags?post=6038"}],"curies":[{"name":"wp","href":"https:\/\/api.w.org\/{rel}","templated":true}]}}