{"id":6089,"date":"2022-12-09T10:07:09","date_gmt":"2022-12-09T15:07:09","guid":{"rendered":"http:\/\/www.decmultimedia.ca\/pigeon2014\/?p=6089"},"modified":"2022-12-13T09:07:21","modified_gmt":"2022-12-13T14:07:21","slug":"la-fierte-des-sagueneens","status":"publish","type":"post","link":"http:\/\/www.decmultimedia.ca\/pigeon2014\/la-fierte-des-sagueneens\/","title":{"rendered":"La fiert\u00e9 des Saguen\u00e9ens"},"content":{"rendered":"<p><strong>Virginie Mailloux<\/strong><\/p>\n<p><strong>Une exposition temporaire sur la beaut\u00e9 de la vie hivernale saguen\u00e9enne est pr\u00e9sent\u00e9e au mus\u00e9e du Fjord de La Baie du 14 septembre 2022 jusqu\u2019au 15 janvier 2023.<\/strong><\/p>\n<p><em>On vit l\u2019hiver<\/em> des clubs de photographie J.A.K et ceux de La Baie offre une magnifique s\u00e9rie de clich\u00e9s \u00e0 tous ceux qui la visitent. Selon Lily Gilot, responsable des communications et du marketing au mus\u00e9e, l\u2019exposition comportant 78 photos int\u00e9resse particuli\u00e8rement les visiteurs venus de l\u2019ext\u00e9rieur de la r\u00e9gion. \u00c0 La Baie, on re\u00e7oit souvent des touristes qui sont fascin\u00e9s par les grands froids qu\u00e9b\u00e9cois.<\/p>\n<p>Mme Gilot vient du Saguenay et, pour elle, la fiert\u00e9 des gens du coin se fait bien souvent ressentir par cet amour de l\u2019hiver. \u00ab Ce sont des touristes qui n\u2019ont pas n\u00e9cessairement vu des paysages nordiques comme ceux pr\u00e9sent\u00e9s dans les photos de l\u2019exposition, donc pour eux c\u2019est vraiment une d\u00e9couverte de A \u00e0 Z \u00bb, explique-t-elle.<\/p>\n<p>Les coutumes des Saguen\u00e9ens mises en avant dans les photographies expos\u00e9es ont en commun de rallier ces derniers. C\u2019est \u00e9galement une grande fiert\u00e9 pour le club de photographie J.A.K de Jonqui\u00e8re et le club de La Baie qui sont constitu\u00e9s de photographes amateurs passionn\u00e9s. Le projet avait \u00e9t\u00e9 amorc\u00e9 il y a quelques ann\u00e9es mais a \u00e9t\u00e9 fortement ralenti durant la pand\u00e9mie. C\u2019est pour eux un grand bonheur que de voir la finalit\u00e9 de leurs efforts.<\/p>\n<p>Les clich\u00e9s sont visibles d\u00e8s que l\u2019on entre dans le b\u00e2timent. L\u2019exposition est install\u00e9e au long du corridor principal et il est alors dur de la manquer. Au c\u00f4t\u00e9 des autres installations temporaires et permanentes de l\u2019\u00e9tablissement, <em>On vit l\u2019hiver<\/em> rend la visite du Mus\u00e9e du Fjord incontournable pour tous ceux qui veulent d\u00e9couvrir tout en s\u2019amusant. On y pr\u00e9sente de nombreuses expositions pour toute la famille, dont plusieurs vivariums et aquariums. Il se trouve \u00e0 une trentaine de minutes de Jonqui\u00e8re.<\/p>\n","protected":false},"excerpt":{"rendered":"<p>Virginie Mailloux Une exposition temporaire sur la beaut\u00e9 de la vie hivernale saguen\u00e9enne est pr\u00e9sent\u00e9e au mus\u00e9e du Fjord de La Baie du 14 septembre 2022 jusqu\u2019au 15 janvier 2023. On vit l\u2019hiver des clubs de photographie J.A.K et ceux de La Baie offre une magnifique s\u00e9rie de clich\u00e9s \u00e0&#8230;<\/p>\n<div class=\"more-container\"><a class=\"more-link\" href=\"http:\/\/www.decmultimedia.ca\/pigeon2014\/la-fierte-des-sagueneens\/\" itemprop=\"url\">Continue reading<\/a><\/div>\n","protected":false},"author":1,"featured_media":6091,"comment_status":"closed","ping_status":"closed","sticky":false,"template":"","format":"standard","meta":{"footnotes":""},"categories":[130,81],"tags":[20],"_links":{"self":[{"href":"http:\/\/www.decmultimedia.ca\/pigeon2014\/wp-json\/wp\/v2\/posts\/6089"}],"collection":[{"href":"http:\/\/www.decmultimedia.ca\/pigeon2014\/wp-json\/wp\/v2\/posts"}],"about":[{"href":"http:\/\/www.decmultimedia.ca\/pigeon2014\/wp-json\/wp\/v2\/types\/post"}],"author":[{"embeddable":true,"href":"http:\/\/www.decmultimedia.ca\/pigeon2014\/wp-json\/wp\/v2\/users\/1"}],"replies":[{"embeddable":true,"href":"http:\/\/www.decmultimedia.ca\/pigeon2014\/wp-json\/wp\/v2\/comments?post=6089"}],"version-history":[{"count":5,"href":"http:\/\/www.decmultimedia.ca\/pigeon2014\/wp-json\/wp\/v2\/posts\/6089\/revisions"}],"predecessor-version":[{"id":6336,"href":"http:\/\/www.decmultimedia.ca\/pigeon2014\/wp-json\/wp\/v2\/posts\/6089\/revisions\/6336"}],"wp:featuredmedia":[{"embeddable":true,"href":"http:\/\/www.decmultimedia.ca\/pigeon2014\/wp-json\/wp\/v2\/media\/6091"}],"wp:attachment":[{"href":"http:\/\/www.decmultimedia.ca\/pigeon2014\/wp-json\/wp\/v2\/media?parent=6089"}],"wp:term":[{"taxonomy":"category","embeddable":true,"href":"http:\/\/www.decmultimedia.ca\/pigeon2014\/wp-json\/wp\/v2\/categories?post=6089"},{"taxonomy":"post_tag","embeddable":true,"href":"http:\/\/www.decmultimedia.ca\/pigeon2014\/wp-json\/wp\/v2\/tags?post=6089"}],"curies":[{"name":"wp","href":"https:\/\/api.w.org\/{rel}","templated":true}]}}