{"id":6134,"date":"2022-12-09T07:28:43","date_gmt":"2022-12-09T12:28:43","guid":{"rendered":"http:\/\/www.decmultimedia.ca\/pigeon2014\/?p=6134"},"modified":"2022-12-13T09:03:22","modified_gmt":"2022-12-13T14:03:22","slug":"le-mtq-reagit-enfin","status":"publish","type":"post","link":"http:\/\/www.decmultimedia.ca\/pigeon2014\/le-mtq-reagit-enfin\/","title":{"rendered":"Le MTQ r\u00e9agit enfin"},"content":{"rendered":"<p><strong>Dylan Larouche<\/strong><\/p>\n<p><strong>Face aux nombreuses demandes de la ville de M\u00e9tabetchouan-Lac-\u00e0-laCroix, le minist\u00e8re des Transports du Qu\u00e9bec (MTQ) a cr\u00e9\u00e9 un plan d\u2019action \u00e0 court et moyen terme. La ville demandait des changements majeurs \u00e0 l\u2019intersection de la route 169 et de la rue Villeneuve depuis l\u2019accident qui a cout\u00e9 la vie \u00e0 la petite Larissa P\u00e9russe, morte le 29 juin dernier.\u00a0<\/strong><\/p>\n<p><span data-contrast=\"auto\">Seulement 15 jours apr\u00e8s, plusieurs actions ont \u00e9t\u00e9 pos\u00e9s.<\/span><span data-ccp-props=\"{&quot;201341983&quot;:0,&quot;335551550&quot;:6,&quot;335551620&quot;:6,&quot;335559739&quot;:160,&quot;335559740&quot;:259}\">\u00a0<\/span><\/p>\n<p><span data-contrast=\"auto\">Un marquage a \u00e9t\u00e9 mis au sol pour indiquer aux automobilistes qu\u2019ils entrent sur le territoire d\u2019un village. Des cam\u00e9ras ont \u00e9t\u00e9 pos\u00e9es pour \u00e9valuer le comportement des gens \u00e0 cette intersection.<\/span><span data-ccp-props=\"{&quot;201341983&quot;:0,&quot;335551550&quot;:6,&quot;335551620&quot;:6,&quot;335559739&quot;:160,&quot;335559740&quot;:259}\">\u00a0<\/span><span data-contrast=\"auto\">La limite de vitesse a \u00e9t\u00e9 modifi\u00e9e et est pass\u00e9e de 80km\/h \u00e0 70km\/h. &lt;&lt;On est satisfait des changements, c\u2019est ce que l\u2019on souhaitait&gt;&gt;, dit le maire de M\u00e9tabetchouan, Andr\u00e9 Fortin. Toutefois celui-ci aurait souhait\u00e9 que la limite soit abaiss\u00e9e \u00e0 50km\/h. <\/span><span data-ccp-props=\"{&quot;201341983&quot;:0,&quot;335551550&quot;:6,&quot;335551620&quot;:6,&quot;335559739&quot;:160,&quot;335559740&quot;:259}\">\u00a0<\/span><span data-contrast=\"auto\">De plus, des panneaux de sensibilisation ont \u00e9t\u00e9 install\u00e9s. &lt;&lt;Cet \u00e9t\u00e9 a bien \u00e9t\u00e9, mais plus on s\u2019\u00e9loigne de l\u2019accident, plus on remarque que les gens roulent vite&gt;&gt;, s\u2019inqui\u00e8te le maire.<\/span><span data-ccp-props=\"{&quot;201341983&quot;:0,&quot;335551550&quot;:6,&quot;335551620&quot;:6,&quot;335559739&quot;:160,&quot;335559740&quot;:259}\">\u00a0<\/span><\/p>\n<p><span data-contrast=\"auto\">Pour les actions \u00e0 plus long terme, le MTQ compte installer une lumi\u00e8re ou un carrefour giratoire \u00e0 l\u2019intersection. &lt;&lt;Si un carrefour giratoire est install\u00e9, \u00e7a risque de prendre plus de temps qu\u2019une lumi\u00e8re&gt;&gt;, ajoute le maire.<\/span><span data-ccp-props=\"{&quot;201341983&quot;:0,&quot;335551550&quot;:6,&quot;335551620&quot;:6,&quot;335559739&quot;:160,&quot;335559740&quot;:259}\">\u00a0<\/span><span data-contrast=\"auto\">Le MTQ, finalement, a r\u00e9agi apr\u00e8s 20 demandes de la ville de M\u00e9tabetchouan. Le p\u00e8re de la petite Larissa est soulag\u00e9 de voir que tous ses efforts dans les derniers mois n\u2019ont pas servi \u00e0 rien. Il est \u00e9galement heureux de voir que ses demandes ont r\u00e9ellement \u00e9t\u00e9 prises en compte par le minist\u00e8re des Transports. <\/span><span data-ccp-props=\"{&quot;201341983&quot;:0,&quot;335551550&quot;:6,&quot;335551620&quot;:6,&quot;335559739&quot;:160,&quot;335559740&quot;:259}\">\u00a0<\/span><\/p>\n<p><span data-contrast=\"auto\">Le maire Andr\u00e9 Fortin et les conseillers municipaux vont continuer \u00e0 s\u2019impliquer dans les d\u00e9marches du MTQ, et ce jusqu\u2019\u00e0 ce que l\u2019intersection soit redevenue s\u00e9curitaire.<\/span><span data-ccp-props=\"{&quot;201341983&quot;:0,&quot;335551550&quot;:6,&quot;335551620&quot;:6,&quot;335559739&quot;:160,&quot;335559740&quot;:259}\">\u00a0<\/span><span data-contrast=\"auto\">Le comit\u00e9 sp\u00e9cial cr\u00e9\u00e9 par le MTQ va rester en place jusqu\u2019\u00e0 la fin de l\u2019ann\u00e9e 2022. Ce qui ravit MM. Fortin et Alexandre P\u00e9russe.<\/span><span data-ccp-props=\"{&quot;201341983&quot;:0,&quot;335551550&quot;:6,&quot;335551620&quot;:6,&quot;335559739&quot;:160,&quot;335559740&quot;:259}\">\u00a0<\/span><\/p>\n","protected":false},"excerpt":{"rendered":"<p>Dylan Larouche Face aux nombreuses demandes de la ville de M\u00e9tabetchouan-Lac-\u00e0-laCroix, le minist\u00e8re des Transports du Qu\u00e9bec (MTQ) a cr\u00e9\u00e9 un plan d\u2019action \u00e0 court et moyen terme. La ville demandait des changements majeurs \u00e0 l\u2019intersection de la route 169 et de la rue Villeneuve depuis l\u2019accident qui a cout\u00e9&#8230;<\/p>\n<div class=\"more-container\"><a class=\"more-link\" href=\"http:\/\/www.decmultimedia.ca\/pigeon2014\/le-mtq-reagit-enfin\/\" itemprop=\"url\">Continue reading<\/a><\/div>\n","protected":false},"author":1,"featured_media":6136,"comment_status":"closed","ping_status":"closed","sticky":false,"template":"","format":"standard","meta":{"footnotes":""},"categories":[95,69],"tags":[53],"_links":{"self":[{"href":"http:\/\/www.decmultimedia.ca\/pigeon2014\/wp-json\/wp\/v2\/posts\/6134"}],"collection":[{"href":"http:\/\/www.decmultimedia.ca\/pigeon2014\/wp-json\/wp\/v2\/posts"}],"about":[{"href":"http:\/\/www.decmultimedia.ca\/pigeon2014\/wp-json\/wp\/v2\/types\/post"}],"author":[{"embeddable":true,"href":"http:\/\/www.decmultimedia.ca\/pigeon2014\/wp-json\/wp\/v2\/users\/1"}],"replies":[{"embeddable":true,"href":"http:\/\/www.decmultimedia.ca\/pigeon2014\/wp-json\/wp\/v2\/comments?post=6134"}],"version-history":[{"count":4,"href":"http:\/\/www.decmultimedia.ca\/pigeon2014\/wp-json\/wp\/v2\/posts\/6134\/revisions"}],"predecessor-version":[{"id":6203,"href":"http:\/\/www.decmultimedia.ca\/pigeon2014\/wp-json\/wp\/v2\/posts\/6134\/revisions\/6203"}],"wp:featuredmedia":[{"embeddable":true,"href":"http:\/\/www.decmultimedia.ca\/pigeon2014\/wp-json\/wp\/v2\/media\/6136"}],"wp:attachment":[{"href":"http:\/\/www.decmultimedia.ca\/pigeon2014\/wp-json\/wp\/v2\/media?parent=6134"}],"wp:term":[{"taxonomy":"category","embeddable":true,"href":"http:\/\/www.decmultimedia.ca\/pigeon2014\/wp-json\/wp\/v2\/categories?post=6134"},{"taxonomy":"post_tag","embeddable":true,"href":"http:\/\/www.decmultimedia.ca\/pigeon2014\/wp-json\/wp\/v2\/tags?post=6134"}],"curies":[{"name":"wp","href":"https:\/\/api.w.org\/{rel}","templated":true}]}}