{"id":6213,"date":"2022-12-09T09:33:14","date_gmt":"2022-12-09T14:33:14","guid":{"rendered":"http:\/\/www.decmultimedia.ca\/pigeon2014\/?p=6213"},"modified":"2022-12-13T09:05:46","modified_gmt":"2022-12-13T14:05:46","slug":"le-pays-imaginaire-au-cegep-de-jonquiere","status":"publish","type":"post","link":"http:\/\/www.decmultimedia.ca\/pigeon2014\/le-pays-imaginaire-au-cegep-de-jonquiere\/","title":{"rendered":"Le Pays Imaginaire au C\u00e9gep de Jonqui\u00e8re"},"content":{"rendered":"<p><strong>Anna Fablet<\/strong><\/p>\n<p><strong>La com\u00e9die musicale est le plus gros projet socioculturel du C\u00e9gep de Jonqui\u00e8re. Cette ann\u00e9e elle porte sur le th\u00e8me de Peter Pan.<\/strong><\/p>\n<p>C\u2019est le vendredi 17 et le samedi 18 f\u00e9vrier 2023 \u00e0 la salle Fran\u00e7ois-Brassard du C\u00e9gep que les \u00e9tudiants de Jonqui\u00e8re pr\u00e9senteront leur version du Pays Imaginaire en interpr\u00e9tant Peter Pan, la F\u00e9e Clochette, Wendy et bien d\u2019autres personnages. Ce spectacle cr\u00e9atif d\u00e9voile un univers pour petits et grands.<\/p>\n<p>C\u2019est \u00e0 19 ans que Marie-Soleil Garon est metteuse en sc\u00e8ne de la grande famille qu\u2019est la com\u00e9die musicale de son \u00e9cole. Elle est en 3<sup>e<\/sup>\u00a0ann\u00e9e de production t\u00e9l\u00e9visuelle en ATM (Art et Technologies des M\u00e9dias) et endosse ce r\u00f4le cette ann\u00e9e. Marie-Soleil d\u00e9cide \u00e0 l\u2019aide des chefs des autres comit\u00e9s du contenu de la pi\u00e8ce et coordonne les cent personnes qui participent au projet ainsi que leur place pour que le spectacle se r\u00e9alise.<\/p>\n<p>Cette ann\u00e9e, danseurs, chanteurs et acteurs seront sur sc\u00e8ne et interpr\u00e8teront le dessin anim\u00e9 de <i>Disney<\/i>, Peter Pan. Le mot d\u2019ordre est d\u2019avoir du fun ! Car, les deux ann\u00e9es pr\u00e9c\u00e9dentes, la com\u00e9die musicale n\u2019a pas eu lieu en raison de la pand\u00e9mie mondiale. \u00ab Je me suis jet\u00e9e dans le vide cette ann\u00e9e \u00bb, affirme Marie-Soleil \u00bb C\u2019est un gros challenge pour elle et tous les comit\u00e9s qui l\u2019accompagnent (direction artistique, publicit\u00e9, financement, les d\u00e9cors, les costumes, making-off\u2026).<\/p>\n<p>D\u2019autant plus que le th\u00e8me de Peter Pan n\u2019\u00e9tait pas pr\u00e9vu. En effet, un premier choix de th\u00e8me a \u00e9t\u00e9 refus\u00e9, car le C\u00e9gep n\u2019a pas eu les droits. Ce n\u2019est pas non plus le deuxi\u00e8me choix, mais le troisi\u00e8me qui a \u00e9t\u00e9 retenu, celui du petit gar\u00e7on orphelin vivant au pays imaginaire.<\/p>\n<p>\u00ab La com\u00e9die musicale, c\u2019est intense. Il faut savoir dans quoi on s\u2019embarque \u00bb, d\u2019apr\u00e8s la metteuse en sc\u00e8ne qui a besoin de d\u00e9fis et d\u2019adr\u00e9naline. Elle se sent chanceuse d\u2019avoir cette \u00e9quipe o\u00f9 \u00ab tout le monde est fin et fait leur job \u00bb, souligne-t-elle.<\/p>\n<p>&nbsp;<\/p>\n","protected":false},"excerpt":{"rendered":"<p>Anna Fablet La com\u00e9die musicale est le plus gros projet socioculturel du C\u00e9gep de Jonqui\u00e8re. Cette ann\u00e9e elle porte sur le th\u00e8me de Peter Pan. C\u2019est le vendredi 17 et le samedi 18 f\u00e9vrier 2023 \u00e0 la salle Fran\u00e7ois-Brassard du C\u00e9gep que les \u00e9tudiants de Jonqui\u00e8re pr\u00e9senteront leur version du&#8230;<\/p>\n<div class=\"more-container\"><a class=\"more-link\" href=\"http:\/\/www.decmultimedia.ca\/pigeon2014\/le-pays-imaginaire-au-cegep-de-jonquiere\/\" itemprop=\"url\">Continue reading<\/a><\/div>\n","protected":false},"author":1,"featured_media":6215,"comment_status":"closed","ping_status":"closed","sticky":false,"template":"","format":"standard","meta":{"footnotes":""},"categories":[130,78],"tags":[],"_links":{"self":[{"href":"http:\/\/www.decmultimedia.ca\/pigeon2014\/wp-json\/wp\/v2\/posts\/6213"}],"collection":[{"href":"http:\/\/www.decmultimedia.ca\/pigeon2014\/wp-json\/wp\/v2\/posts"}],"about":[{"href":"http:\/\/www.decmultimedia.ca\/pigeon2014\/wp-json\/wp\/v2\/types\/post"}],"author":[{"embeddable":true,"href":"http:\/\/www.decmultimedia.ca\/pigeon2014\/wp-json\/wp\/v2\/users\/1"}],"replies":[{"embeddable":true,"href":"http:\/\/www.decmultimedia.ca\/pigeon2014\/wp-json\/wp\/v2\/comments?post=6213"}],"version-history":[{"count":4,"href":"http:\/\/www.decmultimedia.ca\/pigeon2014\/wp-json\/wp\/v2\/posts\/6213\/revisions"}],"predecessor-version":[{"id":6324,"href":"http:\/\/www.decmultimedia.ca\/pigeon2014\/wp-json\/wp\/v2\/posts\/6213\/revisions\/6324"}],"wp:featuredmedia":[{"embeddable":true,"href":"http:\/\/www.decmultimedia.ca\/pigeon2014\/wp-json\/wp\/v2\/media\/6215"}],"wp:attachment":[{"href":"http:\/\/www.decmultimedia.ca\/pigeon2014\/wp-json\/wp\/v2\/media?parent=6213"}],"wp:term":[{"taxonomy":"category","embeddable":true,"href":"http:\/\/www.decmultimedia.ca\/pigeon2014\/wp-json\/wp\/v2\/categories?post=6213"},{"taxonomy":"post_tag","embeddable":true,"href":"http:\/\/www.decmultimedia.ca\/pigeon2014\/wp-json\/wp\/v2\/tags?post=6213"}],"curies":[{"name":"wp","href":"https:\/\/api.w.org\/{rel}","templated":true}]}}