{"id":6218,"date":"2022-12-09T09:08:41","date_gmt":"2022-12-09T14:08:41","guid":{"rendered":"http:\/\/www.decmultimedia.ca\/pigeon2014\/?p=6218"},"modified":"2022-12-13T09:05:09","modified_gmt":"2022-12-13T14:05:09","slug":"de-plus-en-plus-de-basketball-dans-la-region","status":"publish","type":"post","link":"http:\/\/www.decmultimedia.ca\/pigeon2014\/de-plus-en-plus-de-basketball-dans-la-region\/","title":{"rendered":"De plus en plus de basketball dans la r\u00e9gion"},"content":{"rendered":"<p><strong>Alexandre Gagnon<\/strong><\/p>\n<p><strong>Le basketball fait de plus en plus parler dans la r\u00e9gion du Saguenay-Lac-Saint-Jean. Depuis le d\u00e9but de la pand\u00e9mie, les projets entourant le basketball se font de moins en moins rares \u00e0 travers le Qu\u00e9bec. Ce sont les habitants de la r\u00e9gion qui vont pouvoir en profiter, gr\u00e2ce \u00e0 l\u2019arriv\u00e9e de plusieurs \u00e9quipes de basketball dans diff\u00e9rents c\u00e9geps du Saguenay-Lac-Saint-Jean. Ainsi que l\u2019arriv\u00e9e d\u2019une \u00e9quipe professionnelle dans la province pr\u00e9vue pour 2023.<\/strong><\/p>\n<p>Apr\u00e8s avoir vu Chris Boucher se faire rep\u00eacher en 2017 et les Raptors de Toronto \u00eatre sacr\u00e9s champions de la NBA en 2019, ce serait logique de croire que les Qu\u00e9b\u00e9cois avaient tout devant eux pour tomber amoureux du sport. Dans la r\u00e9gion c\u2019est exactement ce qui s&rsquo;est pass\u00e9. Le co-fondateur et directeur sportif de l\u2019acad\u00e9mie d\u2019Alma, Simon Leblanc, explique que \u00ab le niveau de jeux, selon moi, a baiss\u00e9, mais le taux de participation lui a augment\u00e9. \u00bb Pour lui, la pand\u00e9mie a aussi eu son r\u00f4le \u00e0 jouer dans l\u2019essor du basketball. Il pense aussi que le manque d\u2019entraineurs nuit beaucoup au d\u00e9veloppement des joueurs.<\/p>\n<p>Madame Karen M\u00e9roz, technicienne en loisir au c\u00e9gep de Saint-F\u00e9licien, pour sa part, explique que depuis 2019, le projet de faire une \u00e9quipe se fait entendre. En effet, un \u00e9l\u00e8ve du c\u00e9gep est venu proposer l\u2019id\u00e9e et l\u2019\u00e9tablissement a fait son possible pour obtenir le meilleur environnement possible pour les joueurs. Malgr\u00e9 la p\u00e9nurie de main-d\u2019\u0153uvre, le c\u00e9gep a r\u00e9ussi \u00e0 trouver un coach assez rapidement pour pouvoir d\u00e9marrer le programme de basket cette ann\u00e9e dans la ville de Saint-F\u00e9licien.<\/p>\n<p>Le basketball gagne en popularit\u00e9 sur le terrain, mais aussi dans les gradins. \u00c0 la suite de la cr\u00e9ation de l\u2019Alliance de Montr\u00e9al, une \u00e9quipe professionnelle \u00e9voluant dans la Ligue canadienne de basketball, l\u2019Acad\u00e9mie d\u2019Alma a d\u00e9cid\u00e9 de pr\u00e9senter du basketball professionnel dans une r\u00e9gion francophone. \u00c0 partir de janvier 2023, une \u00e9quipe professionnelle de la TBL s\u2019installera dans la ville d\u2019Alma et jouera 12 parties \u00e0 domicile et 12 parties \u00e0 travers l\u2019Am\u00e9rique du Nord. Le co-fondateur explique aussi qu\u2019il aimerait devenir un pilier tr\u00e8s important pour la francophonie dans le basketball. En instaurant une \u00e9quipe de haut calibre dans une r\u00e9gion o\u00f9 les gens parlent seulement fran\u00e7ais, \u00e7a aiderait les jeunes \u00e0 ne plus \u00eatre bloqu\u00e9 par la langue.<\/p>\n","protected":false},"excerpt":{"rendered":"<p>Alexandre Gagnon Le basketball fait de plus en plus parler dans la r\u00e9gion du Saguenay-Lac-Saint-Jean. Depuis le d\u00e9but de la pand\u00e9mie, les projets entourant le basketball se font de moins en moins rares \u00e0 travers le Qu\u00e9bec. Ce sont les habitants de la r\u00e9gion qui vont pouvoir en profiter, gr\u00e2ce&#8230;<\/p>\n<div class=\"more-container\"><a class=\"more-link\" href=\"http:\/\/www.decmultimedia.ca\/pigeon2014\/de-plus-en-plus-de-basketball-dans-la-region\/\" itemprop=\"url\">Continue reading<\/a><\/div>\n","protected":false},"author":1,"featured_media":6222,"comment_status":"closed","ping_status":"closed","sticky":false,"template":"","format":"standard","meta":{"footnotes":""},"categories":[77,97],"tags":[],"_links":{"self":[{"href":"http:\/\/www.decmultimedia.ca\/pigeon2014\/wp-json\/wp\/v2\/posts\/6218"}],"collection":[{"href":"http:\/\/www.decmultimedia.ca\/pigeon2014\/wp-json\/wp\/v2\/posts"}],"about":[{"href":"http:\/\/www.decmultimedia.ca\/pigeon2014\/wp-json\/wp\/v2\/types\/post"}],"author":[{"embeddable":true,"href":"http:\/\/www.decmultimedia.ca\/pigeon2014\/wp-json\/wp\/v2\/users\/1"}],"replies":[{"embeddable":true,"href":"http:\/\/www.decmultimedia.ca\/pigeon2014\/wp-json\/wp\/v2\/comments?post=6218"}],"version-history":[{"count":4,"href":"http:\/\/www.decmultimedia.ca\/pigeon2014\/wp-json\/wp\/v2\/posts\/6218\/revisions"}],"predecessor-version":[{"id":6297,"href":"http:\/\/www.decmultimedia.ca\/pigeon2014\/wp-json\/wp\/v2\/posts\/6218\/revisions\/6297"}],"wp:featuredmedia":[{"embeddable":true,"href":"http:\/\/www.decmultimedia.ca\/pigeon2014\/wp-json\/wp\/v2\/media\/6222"}],"wp:attachment":[{"href":"http:\/\/www.decmultimedia.ca\/pigeon2014\/wp-json\/wp\/v2\/media?parent=6218"}],"wp:term":[{"taxonomy":"category","embeddable":true,"href":"http:\/\/www.decmultimedia.ca\/pigeon2014\/wp-json\/wp\/v2\/categories?post=6218"},{"taxonomy":"post_tag","embeddable":true,"href":"http:\/\/www.decmultimedia.ca\/pigeon2014\/wp-json\/wp\/v2\/tags?post=6218"}],"curies":[{"name":"wp","href":"https:\/\/api.w.org\/{rel}","templated":true}]}}