{"id":6238,"date":"2022-12-09T09:51:13","date_gmt":"2022-12-09T14:51:13","guid":{"rendered":"http:\/\/www.decmultimedia.ca\/pigeon2014\/?p=6238"},"modified":"2022-12-13T09:06:44","modified_gmt":"2022-12-13T14:06:44","slug":"octobre-rose-le-mois-de-la-sensibilisation-au-cancer","status":"publish","type":"post","link":"http:\/\/www.decmultimedia.ca\/pigeon2014\/octobre-rose-le-mois-de-la-sensibilisation-au-cancer\/","title":{"rendered":"Octobre Rose, le mois de la sensibilisation au cancer"},"content":{"rendered":"<p><strong>Salom\u00e9 Porcheron<\/strong><\/p>\n<p><strong>L\u2019\u00e9v\u00e8nement octobre rose se perfectionne en France, depuis 1994.\u00a0<\/strong><\/p>\n<p><span data-contrast=\"auto\">Le mois de sensibilisation et de mobilisation du grand public contre le cancer du sein fait toujours ses preuves. Dans le monde entier, des rencontres et des conf\u00e9rences ont lieu afin d\u2019informer, d\u2019aider \u00e0 la recherche et de sensibiliser.\u00a0<\/span><span data-ccp-props=\"{}\">\u00a0<\/span><\/p>\n<p><span data-contrast=\"auto\">De nombreuses associations ont \u00e9t\u00e9 cr\u00e9\u00e9es pour cette cause. Comme celle d\u2019Isabelle Deschamps, une femme de 43 ans, originaire de Dax dans les Landes, qui a cr\u00e9\u00e9 son association Les \u00ab\u202fPrinSEINSes\u202f\u00bb en 2020, pour aider le plus grand nombre de femmes et de leur montrer la lumi\u00e8re apr\u00e8s leur combat.\u00a0<\/span><span data-ccp-props=\"{}\">\u00a0<\/span><\/p>\n<p><span data-contrast=\"auto\">Jeune, elle a \u00e9t\u00e9 touch\u00e9e par ce cancer alors qu\u2019il n\u2019y avait pas d\u2019ant\u00e9c\u00e9dents dans sa famille. Elle aurait justement aim\u00e9 \u00eatre pr\u00e9venue des signes avant-coureurs et de ce qui l\u2019attendait. \u00ab Si j\u2019avais su qu\u2019il fallait me palper les seins une fois par mois\u2026 peut-\u00eatre que j\u2019aurais trouv\u00e9 ma grosseur avant et que j\u2019aurais eu des traitements moins forts\u202f[\u2026] Je me suis dit qu\u2019il fallait que j\u2019en fasse quelque chose et j\u2019ai cr\u00e9\u00e9 cette association. \u00bb <\/span><span data-ccp-props=\"{}\">\u00a0<\/span><\/p>\n<p><span data-contrast=\"auto\">Isabelle veut \u00e0 travers son association, donner une autre image du cancer pour favoriser la pr\u00e9vention. \u00ab Aujourd\u2019hui, je trouve que les actions de communications contre le cancer du sein elles font peur, on voit des femmes chauves, avec des cicatrices.\u202f\u00bb Elle veut renvoyer l\u2019image d\u2019une femme courageuse, qui a r\u00e9ussi \u00e0 surmonter la maladie. C\u2019est pour elle une force et non un sujet tabou. <\/span><span data-ccp-props=\"{}\">\u00a0<\/span><\/p>\n<p><span data-contrast=\"auto\">Elle organise des actions en accompagnant des femmes pendant leurs traitements et leurs r\u00e9missions, \u00ab surtout dans l\u2019apr\u00e8s-cancer [\u2026] o\u00f9 on dit aux femmes de reprendre leurs vies l\u00e0 o\u00f9 elles les ont laiss\u00e9es, mais ce n\u2019est pas possible. \u00bb<\/span><span data-ccp-props=\"{}\">\u00a0<\/span><\/p>\n<p><span data-contrast=\"auto\">Depuis le 2 octobre 2021, elle organise une marche pour cette cause, qui lui permet de r\u00e9colter des dons pour son association. Chaque ann\u00e9e, le nombre de participants augmente \u00abla premi\u00e8re, on attendait 350 personnes et on a eu 1500 personnes [\u2026] la 2e, on attendait dans les 1500 et on en a eu 2700, c\u2019est \u00e9norme. \u00bb<\/span><span data-ccp-props=\"{}\">\u00a0<\/span><\/p>\n<p><span data-contrast=\"auto\">\u00a0<\/span><\/p>\n<p><span data-contrast=\"auto\">\u00a0<\/span><\/p>\n","protected":false},"excerpt":{"rendered":"<p>Salom\u00e9 Porcheron L\u2019\u00e9v\u00e8nement octobre rose se perfectionne en France, depuis 1994.\u00a0 Le mois de sensibilisation et de mobilisation du grand public contre le cancer du sein fait toujours ses preuves. Dans le monde entier, des rencontres et des conf\u00e9rences ont lieu afin d\u2019informer, d\u2019aider \u00e0 la recherche et de sensibiliser.\u00a0\u00a0&#8230;<\/p>\n<div class=\"more-container\"><a class=\"more-link\" href=\"http:\/\/www.decmultimedia.ca\/pigeon2014\/octobre-rose-le-mois-de-la-sensibilisation-au-cancer\/\" itemprop=\"url\">Continue reading<\/a><\/div>\n","protected":false},"author":1,"featured_media":6249,"comment_status":"closed","ping_status":"closed","sticky":false,"template":"","format":"standard","meta":{"footnotes":""},"categories":[95,75],"tags":[],"_links":{"self":[{"href":"http:\/\/www.decmultimedia.ca\/pigeon2014\/wp-json\/wp\/v2\/posts\/6238"}],"collection":[{"href":"http:\/\/www.decmultimedia.ca\/pigeon2014\/wp-json\/wp\/v2\/posts"}],"about":[{"href":"http:\/\/www.decmultimedia.ca\/pigeon2014\/wp-json\/wp\/v2\/types\/post"}],"author":[{"embeddable":true,"href":"http:\/\/www.decmultimedia.ca\/pigeon2014\/wp-json\/wp\/v2\/users\/1"}],"replies":[{"embeddable":true,"href":"http:\/\/www.decmultimedia.ca\/pigeon2014\/wp-json\/wp\/v2\/comments?post=6238"}],"version-history":[{"count":3,"href":"http:\/\/www.decmultimedia.ca\/pigeon2014\/wp-json\/wp\/v2\/posts\/6238\/revisions"}],"predecessor-version":[{"id":6331,"href":"http:\/\/www.decmultimedia.ca\/pigeon2014\/wp-json\/wp\/v2\/posts\/6238\/revisions\/6331"}],"wp:featuredmedia":[{"embeddable":true,"href":"http:\/\/www.decmultimedia.ca\/pigeon2014\/wp-json\/wp\/v2\/media\/6249"}],"wp:attachment":[{"href":"http:\/\/www.decmultimedia.ca\/pigeon2014\/wp-json\/wp\/v2\/media?parent=6238"}],"wp:term":[{"taxonomy":"category","embeddable":true,"href":"http:\/\/www.decmultimedia.ca\/pigeon2014\/wp-json\/wp\/v2\/categories?post=6238"},{"taxonomy":"post_tag","embeddable":true,"href":"http:\/\/www.decmultimedia.ca\/pigeon2014\/wp-json\/wp\/v2\/tags?post=6238"}],"curies":[{"name":"wp","href":"https:\/\/api.w.org\/{rel}","templated":true}]}}