{"id":6254,"date":"2022-12-09T09:45:00","date_gmt":"2022-12-09T14:45:00","guid":{"rendered":"http:\/\/www.decmultimedia.ca\/pigeon2014\/?p=6254"},"modified":"2022-12-13T09:06:31","modified_gmt":"2022-12-13T14:06:31","slug":"yannick-gagnon%e2%80%af-un-second-souffle-pour-les-jeunes","status":"publish","type":"post","link":"http:\/\/www.decmultimedia.ca\/pigeon2014\/yannick-gagnon%e2%80%af-un-second-souffle-pour-les-jeunes\/","title":{"rendered":"Yannick Gagnon\u202f: un second souffle pour les jeunes"},"content":{"rendered":"<p><strong>Agla\u00e9 Limouzin<\/strong><\/p>\n<p><strong>Le d\u00e9put\u00e9 de la Coalition Avenir Qu\u00e9bec de Jonqui\u00e8re nouvellement \u00e9lu, Yannick Gagnon, souhaite collaborer avec la jeunesse de Jonqui\u00e8re durant son mandat. Il pr\u00e9voit de faire \u00e9voluer la ville un maximum.\u00a0<\/strong><span data-ccp-props=\"{&quot;201341983&quot;:0,&quot;335559739&quot;:160,&quot;335559740&quot;:259}\">\u00a0<\/span><\/p>\n<p><span data-contrast=\"auto\">La jeunesse se sent de moins en moins \u00e9cout\u00e9e par le gouvernement et cela a pu se voir sur les r\u00e9seaux sociaux durant les \u00e9lections provinciales. Qu\u00e9bec Solidaire a r\u00e9ussi \u00e0 beaucoup toucher les jeunes, mais ce n\u2019est pas les seuls qui s\u2019attardent \u00e0 cette g\u00e9n\u00e9ration. Le d\u00e9put\u00e9 Yannick Gagnon a annonc\u00e9 dans une entrevue : \u00ab\u202fJe veux cr\u00e9er un comit\u00e9 jeunesse, se voir aux trois mois par exemple\u202f.\u00bb Il souhaite montrer \u00e0 la jeunesse qu\u2019il est pr\u00eat \u00e0 les \u00e9couter et qu\u2019il s\u2019en pr\u00e9occupe. De cette mani\u00e8re, il aura l\u2019occasion d\u2019\u00e9couter leurs suggestions, d\u2019avoir une vision diff\u00e9rente pour ses projets et, pourquoi pas, cr\u00e9er de nouveaux objectifs. Selon lui, c\u2019est la meilleure solution pour montrer l\u2019int\u00e9r\u00eat qu\u2019il a envers la jeunesse et de r\u00e9ussir \u00e0 avancer ensemble.<\/span><span data-ccp-props=\"{&quot;201341983&quot;:0,&quot;335559739&quot;:160,&quot;335559740&quot;:259}\">\u00a0<\/span><\/p>\n<p><span data-contrast=\"auto\">Un des enjeux importants pour la jeunesse est aussi l\u2019\u00e9cologie. \u00ab\u202f75% de l\u2019eau potable de Saguenay est le Lac K\u00e9nogami [\u2026] Un des enjeux que je veux couvrir est de prot\u00e9ger ce lac\u202fpour le pr\u00e9sent et le futur.\u202f\u00bb D\u2019apr\u00e8s lui, cette d\u00e9marche serait b\u00e9n\u00e9fique pour la protection du plan d\u2019eau et mener le comt\u00e9 dans une direction plus \u00e9coresponsable. Cette implication fait suite \u00e0 la protection de la vie des Jonqui\u00e9rois avec un projet de r\u00e9am\u00e9nagement de l\u2019H\u00f4pital. Le but\u202f? Permettre \u00e0 la population d\u2019avoir un acc\u00e8s aux soins plus rapide et plus \u00e9laborer. <\/span><span data-ccp-props=\"{&quot;201341983&quot;:0,&quot;335559739&quot;:160,&quot;335559740&quot;:259}\">\u00a0<\/span><\/p>\n<p><span data-contrast=\"auto\">Selon monsieur Gagnon, ses projets sont importants pour redonner aux jeunes un int\u00e9r\u00eat \u00e0 la circonscription de Jonqui\u00e8re. Le nouveau d\u00e9put\u00e9 souhaite aussi redonner vie \u00e0 la Rue St-Dominique afin d\u2019augmenter la client\u00e8le et l\u2019int\u00e9r\u00eat pour le centre-ville. <\/span><span data-ccp-props=\"{&quot;201341983&quot;:0,&quot;335559739&quot;:160,&quot;335559740&quot;:259}\">\u00a0<\/span><\/p>\n<p><span data-contrast=\"auto\">Le d\u00e9put\u00e9 de la CAQ veut montrer \u00e0 sa population qu\u2019elle a fait le bon choix en l\u2019\u00e9lisant. Il souhaite honorer les habitants en plus de mettre son \u00e9nergie sur le futur de la ville.\u00a0 <\/span><span data-ccp-props=\"{&quot;201341983&quot;:0,&quot;335559739&quot;:160,&quot;335559740&quot;:259}\">\u00a0<\/span><\/p>\n","protected":false},"excerpt":{"rendered":"<p>Agla\u00e9 Limouzin Le d\u00e9put\u00e9 de la Coalition Avenir Qu\u00e9bec de Jonqui\u00e8re nouvellement \u00e9lu, Yannick Gagnon, souhaite collaborer avec la jeunesse de Jonqui\u00e8re durant son mandat. Il pr\u00e9voit de faire \u00e9voluer la ville un maximum.\u00a0\u00a0 La jeunesse se sent de moins en moins \u00e9cout\u00e9e par le gouvernement et cela a pu&#8230;<\/p>\n<div class=\"more-container\"><a class=\"more-link\" href=\"http:\/\/www.decmultimedia.ca\/pigeon2014\/yannick-gagnon%e2%80%af-un-second-souffle-pour-les-jeunes\/\" itemprop=\"url\">Continue reading<\/a><\/div>\n","protected":false},"author":1,"featured_media":6264,"comment_status":"closed","ping_status":"closed","sticky":false,"template":"","format":"standard","meta":{"footnotes":""},"categories":[95,75],"tags":[],"_links":{"self":[{"href":"http:\/\/www.decmultimedia.ca\/pigeon2014\/wp-json\/wp\/v2\/posts\/6254"}],"collection":[{"href":"http:\/\/www.decmultimedia.ca\/pigeon2014\/wp-json\/wp\/v2\/posts"}],"about":[{"href":"http:\/\/www.decmultimedia.ca\/pigeon2014\/wp-json\/wp\/v2\/types\/post"}],"author":[{"embeddable":true,"href":"http:\/\/www.decmultimedia.ca\/pigeon2014\/wp-json\/wp\/v2\/users\/1"}],"replies":[{"embeddable":true,"href":"http:\/\/www.decmultimedia.ca\/pigeon2014\/wp-json\/wp\/v2\/comments?post=6254"}],"version-history":[{"count":2,"href":"http:\/\/www.decmultimedia.ca\/pigeon2014\/wp-json\/wp\/v2\/posts\/6254\/revisions"}],"predecessor-version":[{"id":6328,"href":"http:\/\/www.decmultimedia.ca\/pigeon2014\/wp-json\/wp\/v2\/posts\/6254\/revisions\/6328"}],"wp:featuredmedia":[{"embeddable":true,"href":"http:\/\/www.decmultimedia.ca\/pigeon2014\/wp-json\/wp\/v2\/media\/6264"}],"wp:attachment":[{"href":"http:\/\/www.decmultimedia.ca\/pigeon2014\/wp-json\/wp\/v2\/media?parent=6254"}],"wp:term":[{"taxonomy":"category","embeddable":true,"href":"http:\/\/www.decmultimedia.ca\/pigeon2014\/wp-json\/wp\/v2\/categories?post=6254"},{"taxonomy":"post_tag","embeddable":true,"href":"http:\/\/www.decmultimedia.ca\/pigeon2014\/wp-json\/wp\/v2\/tags?post=6254"}],"curies":[{"name":"wp","href":"https:\/\/api.w.org\/{rel}","templated":true}]}}