{"id":6266,"date":"2022-12-09T09:39:08","date_gmt":"2022-12-09T14:39:08","guid":{"rendered":"http:\/\/www.decmultimedia.ca\/pigeon2014\/?p=6266"},"modified":"2022-12-13T09:06:04","modified_gmt":"2022-12-13T14:06:04","slug":"un-jeune-politicien-bien-implique","status":"publish","type":"post","link":"http:\/\/www.decmultimedia.ca\/pigeon2014\/un-jeune-politicien-bien-implique\/","title":{"rendered":"Un jeune politicien bien impliqu\u00e9"},"content":{"rendered":"<p><strong>Laurence Dravign\u00e9<\/strong><\/p>\n<p class=\"paragraph\" style=\"margin: 0cm; margin-bottom: .0001pt; text-align: justify; vertical-align: baseline;\"><span class=\"normaltextrun\"><b><span style=\"font-family: 'Calibri',sans-serif;\">Il n\u2019y a pas d\u2019\u00e2ge pour aimer la <\/span><span style=\"user-select: text; -webkit-user-drag: none; -webkit-tap-highlight-color: transparent;\">politique.<\/span><span style=\"user-select: text; -webkit-user-drag: none; -webkit-tap-highlight-color: transparent;\">\u00a0Alexandre <\/span><span style=\"user-select: text; -webkit-user-drag: none; -webkit-tap-highlight-color: transparent; background-image: var(--urlSpellingErrorV2, ); border-bottom: transparent; background-position-x: 0%; background-position-y: 100%;\">Litalien<\/span><span style=\"user-select: text; -webkit-user-drag: none; -webkit-tap-highlight-color: transparent;\"> en sait quelque chose.<\/span> <span style=\"user-select: text; -webkit-user-drag: none; -webkit-tap-highlight-color: transparent;\">\u00c2g<\/span><span style=\"user-select: text; -webkit-user-drag: none; -webkit-tap-highlight-color: transparent;\">\u00e9 de 20 ans,<\/span><span style=\"user-select: text; -webkit-user-drag: none; -webkit-tap-highlight-color: transparent;\"> il \u00e9tait le plus jeune <\/span><span style=\"user-select: text; -webkit-user-drag: none; -webkit-tap-highlight-color: transparent;\">candidat de la Mauricie<\/span><span style=\"user-select: text; -webkit-user-drag: none; -webkit-tap-highlight-color: transparent;\"> \u00e0 se<\/span><span style=\"user-select: text; -webkit-user-drag: none; -webkit-tap-highlight-color: transparent;\"> pr\u00e9senter <\/span><span style=\"user-select: text; -webkit-user-drag: none; -webkit-tap-highlight-color: transparent;\">aux \u00e9lections provinciales du 3 octobre dernier<\/span><span style=\"user-select: text; -webkit-user-drag: none; -webkit-tap-highlight-color: transparent;\"> pour le <\/span><span style=\"user-select: text; -webkit-user-drag: none; -webkit-tap-highlight-color: transparent;\">Parti qu\u00e9b\u00e9cois dans Champlain<\/span><span style=\"user-select: text; -webkit-user-drag: none; -webkit-tap-highlight-color: transparent;\">.<\/span><span style=\"user-select: text; -webkit-user-drag: none; -webkit-tap-highlight-color: transparent;\">\u00a0<\/span><\/b><\/span><span style=\"user-select: text; -webkit-user-drag: none; -webkit-tap-highlight-color: transparent;\" data-ccp-props=\"{&quot;335551550&quot;:6,&quot;335551620&quot;:6}\"><span class=\"eop\"><span style=\"font-family: 'Calibri',sans-serif;\">\u00a0<\/span><\/span><\/span><\/p>\n<p class=\"paragraph\" style=\"margin: 0cm; margin-bottom: .0001pt; text-align: justify; vertical-align: baseline; user-select: text; -webkit-user-drag: none; -webkit-tap-highlight-color: transparent; overflow-wrap: break-word; white-space: pre-wrap; font-kerning: none;\"><span style=\"user-select: text; -webkit-user-drag: none; -webkit-tap-highlight-color: transparent; font-variant-ligatures: none !important;\" xml:lang=\"FR-CA\" data-contrast=\"auto\"><span style=\"user-select: text; -webkit-user-drag: none; -webkit-tap-highlight-color: transparent;\">\u00a0<\/span><\/span><\/p>\n<p class=\"paragraph\" style=\"margin: 0cm; margin-bottom: .0001pt; text-align: justify; vertical-align: baseline; user-select: text; -webkit-user-drag: none; -webkit-tap-highlight-color: transparent; overflow-wrap: break-word; white-space: pre-wrap; font-kerning: none;\"><span style=\"user-select: text; -webkit-user-drag: none; -webkit-tap-highlight-color: transparent; font-variant-ligatures: none !important;\" xml:lang=\"FR-CA\" data-contrast=\"auto\"><span style=\"user-select: text; -webkit-user-drag: none; -webkit-tap-highlight-color: transparent;\"><span class=\"normaltextrun\"><span style=\"font-family: 'Calibri',sans-serif;\">S\u2019il<\/span> a d\u00e9cid\u00e9 de repr\u00e9senter le Parti qu\u00e9b\u00e9cois, c\u2019est parce qu\u2019il se consid\u00e8re comme un souverainiste et parce que ce dernier est fait pour ses valeurs et convictions. M\u00eame s\u2019il n\u2019a pas \u00e9t\u00e9 \u00e9lu d\u00e9put\u00e9, le futur professeur d\u2019histoire et g\u00e9ographie au secondaire n\u2019est pas peu fier des r\u00e9sultats obtenus. \u00ab Je suis aussi reconnaissant de l\u2019acquis que j\u2019ai eu et du r\u00e9sultat qu\u2019on a r\u00e9ussi \u00e0 obtenir \u00bb, explique le jeune homme en faisant allusion au fait qu\u2019il a termin\u00e9 troisi\u00e8me du c\u00f4t\u00e9 de Champlain. De plus, il \u00e9tait l\u2019un des 123 candidats entre 19 et 29 ans, selon \u00c9lections Qu\u00e9bec.<\/span><\/span><\/span><span style=\"user-select: text; -webkit-user-drag: none; -webkit-tap-highlight-color: transparent;\" data-ccp-props=\"{&quot;335551550&quot;:6,&quot;335551620&quot;:6}\"><span class=\"eop\"><span style=\"font-family: 'Calibri',sans-serif;\">\u00a0<\/span><\/span><\/span><\/p>\n<p class=\"paragraph\" style=\"margin: 0cm; margin-bottom: .0001pt; text-align: justify; vertical-align: baseline; user-select: text; -webkit-user-drag: none; -webkit-tap-highlight-color: transparent; overflow-wrap: break-word; white-space: pre-wrap; font-kerning: none;\"><span style=\"user-select: text; -webkit-user-drag: none; -webkit-tap-highlight-color: transparent; font-variant-ligatures: none !important;\" xml:lang=\"FR-CA\" data-contrast=\"auto\"><span style=\"user-select: text; -webkit-user-drag: none; -webkit-tap-highlight-color: transparent;\">\u00a0<\/span><\/span><\/p>\n<p class=\"paragraph\" style=\"margin: 0cm; margin-bottom: .0001pt; text-align: justify; vertical-align: baseline; user-select: text; -webkit-user-drag: none; -webkit-tap-highlight-color: transparent; overflow-wrap: break-word; white-space: pre-wrap; font-kerning: none;\"><span style=\"user-select: text; -webkit-user-drag: none; -webkit-tap-highlight-color: transparent; font-variant-ligatures: none !important;\" xml:lang=\"FR-CA\" data-contrast=\"auto\"><span style=\"user-select: text; -webkit-user-drag: none; -webkit-tap-highlight-color: transparent;\"><span class=\"normaltextrun\"><span style=\"font-family: 'Calibri',sans-serif;\">Pour l\u2019instant, <\/span>Alexandre ignore s\u2019il va se repr\u00e9senter aux prochaines \u00e9lections. Cela d\u00e9pendra o\u00f9 il se situera dans l\u2019avenir. \u00ab Au niveau politique, je vais continuer \u00e0 m\u2019impliquer en tant que repr\u00e9sentant jeune du c\u00f4t\u00e9 de Champlain \u00bb, explique le candidat en parlant de son r\u00f4le dans la soci\u00e9t\u00e9 et comme il le fait si bien depuis d\u00e9j\u00e0 deux ans. De plus, malgr\u00e9 son avenir incertain, le jeune Trifluvien compte repr\u00e9senter ses concitoyens dans ce qu\u2019il entreprendra. Il souhaite aussi d\u00e9fendre la d\u00e9mocratie, enjeu qui lui tient \u00e0 c\u0153ur.<\/span><\/span><\/span><span style=\"user-select: text; -webkit-user-drag: none; -webkit-tap-highlight-color: transparent;\" data-ccp-props=\"{&quot;335551550&quot;:6,&quot;335551620&quot;:6}\"><span class=\"eop\"><span style=\"font-family: 'Calibri',sans-serif;\">\u00a0<\/span><\/span><\/span><\/p>\n<p class=\"paragraph\" style=\"margin: 0cm; margin-bottom: .0001pt; text-align: justify; vertical-align: baseline; user-select: text; -webkit-user-drag: none; -webkit-tap-highlight-color: transparent; overflow-wrap: break-word; white-space: pre-wrap; font-kerning: none;\"><span style=\"user-select: text; -webkit-user-drag: none; -webkit-tap-highlight-color: transparent; font-variant-ligatures: none !important;\" xml:lang=\"FR-CA\" data-contrast=\"auto\"><span style=\"user-select: text; -webkit-user-drag: none; -webkit-tap-highlight-color: transparent;\">\u00a0<\/span><\/span><\/p>\n<p class=\"paragraph\" style=\"margin: 0cm; margin-bottom: .0001pt; text-align: justify; vertical-align: baseline; user-select: text; -webkit-user-drag: none; -webkit-tap-highlight-color: transparent; overflow-wrap: break-word; white-space: pre-wrap; font-kerning: none;\"><span style=\"user-select: text; -webkit-user-drag: none; -webkit-tap-highlight-color: transparent; font-variant-ligatures: none !important;\" xml:lang=\"FR-CA\" data-contrast=\"auto\"><span style=\"user-select: text; -webkit-user-drag: none; -webkit-tap-highlight-color: transparent;\"><span class=\"normaltextrun\"><span style=\"font-family: 'Calibri',sans-serif;\">Alexandre <\/span>a plusieurs passions. L\u2019\u00e9criture en fait partie. \u00c0 l\u2019\u00e2ge de 15 ans, il a fait para\u00eetre son premier conte pour enfants, nomm\u00e9 <i><\/i><\/span>Math\u00e9o, qu\u2019il a lui-m\u00eame \u00e9crit et illustr\u00e9 dont l\u2019inspiration \u00e9tait l\u2019histoire de l\u2019enl\u00e8vement de <span style=\"user-select: text; -webkit-user-drag: none; -webkit-tap-highlight-color: transparent; background-image: var(--urlSpellingErrorV2, ); border-bottom: transparent; background-position-x: 0%; background-position-y: 100%;\">C<\/span><span style=\"user-select: text; -webkit-user-drag: none; -webkit-tap-highlight-color: transparent; background-image: var(--urlSpellingErrorV2, ); border-bottom: transparent; background-position-x: 0%; background-position-y: 100%;\">\u00e9dri<\/span><span style=\"user-select: text; -webkit-user-drag: none; -webkit-tap-highlight-color: transparent; background-image: var(--urlSpellingErrorV2, ); border-bottom: transparent; background-position-x: 0%; background-position-y: 100%;\">ka<\/span> Provencher. Deux ans plus tard, il a sorti son premier po\u00e8me, <i><\/i><em>La plume et l\u2019oiseau<\/em>. Cette \u0153uvre est une combinaison de ses deux passions qui sont l\u2019\u00e9criture et les oiseaux. L\u2019\u00e9crivain n\u2019a pas de projet pr\u00e9cis d\u2019\u00e9criture pour l\u2019instant, mais il ne faudrait pas se surprendre de voir son nom sur un troisi\u00e8me bouquin.<\/span><\/span><span style=\"user-select: text; -webkit-user-drag: none; -webkit-tap-highlight-color: transparent;\" data-ccp-props=\"{&quot;335551550&quot;:6,&quot;335551620&quot;:6}\"><span class=\"eop\"><span style=\"font-family: 'Calibri',sans-serif;\">\u00a0<\/span><\/span><\/span><\/p>\n","protected":false},"excerpt":{"rendered":"<p>Laurence Dravign\u00e9 Il n\u2019y a pas d\u2019\u00e2ge pour aimer la politique.\u00a0Alexandre Litalien en sait quelque chose. \u00c2g\u00e9 de 20 ans, il \u00e9tait le plus jeune candidat de la Mauricie \u00e0 se pr\u00e9senter aux \u00e9lections provinciales du 3 octobre dernier pour le Parti qu\u00e9b\u00e9cois dans Champlain.\u00a0\u00a0 \u00a0 S\u2019il a d\u00e9cid\u00e9 de&#8230;<\/p>\n<div class=\"more-container\"><a class=\"more-link\" href=\"http:\/\/www.decmultimedia.ca\/pigeon2014\/un-jeune-politicien-bien-implique\/\" itemprop=\"url\">Continue reading<\/a><\/div>\n","protected":false},"author":1,"featured_media":6277,"comment_status":"closed","ping_status":"closed","sticky":false,"template":"","format":"standard","meta":{"footnotes":""},"categories":[95,75],"tags":[53],"_links":{"self":[{"href":"http:\/\/www.decmultimedia.ca\/pigeon2014\/wp-json\/wp\/v2\/posts\/6266"}],"collection":[{"href":"http:\/\/www.decmultimedia.ca\/pigeon2014\/wp-json\/wp\/v2\/posts"}],"about":[{"href":"http:\/\/www.decmultimedia.ca\/pigeon2014\/wp-json\/wp\/v2\/types\/post"}],"author":[{"embeddable":true,"href":"http:\/\/www.decmultimedia.ca\/pigeon2014\/wp-json\/wp\/v2\/users\/1"}],"replies":[{"embeddable":true,"href":"http:\/\/www.decmultimedia.ca\/pigeon2014\/wp-json\/wp\/v2\/comments?post=6266"}],"version-history":[{"count":2,"href":"http:\/\/www.decmultimedia.ca\/pigeon2014\/wp-json\/wp\/v2\/posts\/6266\/revisions"}],"predecessor-version":[{"id":6326,"href":"http:\/\/www.decmultimedia.ca\/pigeon2014\/wp-json\/wp\/v2\/posts\/6266\/revisions\/6326"}],"wp:featuredmedia":[{"embeddable":true,"href":"http:\/\/www.decmultimedia.ca\/pigeon2014\/wp-json\/wp\/v2\/media\/6277"}],"wp:attachment":[{"href":"http:\/\/www.decmultimedia.ca\/pigeon2014\/wp-json\/wp\/v2\/media?parent=6266"}],"wp:term":[{"taxonomy":"category","embeddable":true,"href":"http:\/\/www.decmultimedia.ca\/pigeon2014\/wp-json\/wp\/v2\/categories?post=6266"},{"taxonomy":"post_tag","embeddable":true,"href":"http:\/\/www.decmultimedia.ca\/pigeon2014\/wp-json\/wp\/v2\/tags?post=6266"}],"curies":[{"name":"wp","href":"https:\/\/api.w.org\/{rel}","templated":true}]}}