{"id":6280,"date":"2022-12-09T09:48:22","date_gmt":"2022-12-09T14:48:22","guid":{"rendered":"http:\/\/www.decmultimedia.ca\/pigeon2014\/?p=6280"},"modified":"2022-12-13T09:06:37","modified_gmt":"2022-12-13T14:06:37","slug":"solem-une-jeune-entreprise-en-pleine-croissance","status":"publish","type":"post","link":"http:\/\/www.decmultimedia.ca\/pigeon2014\/solem-une-jeune-entreprise-en-pleine-croissance\/","title":{"rendered":"Solem, une jeune entreprise en pleine croissance!"},"content":{"rendered":"<p class=\"paragraph\" style=\"margin: 0cm; margin-bottom: .0001pt; text-align: justify; vertical-align: baseline; user-select: text; -webkit-user-drag: none; -webkit-tap-highlight-color: transparent; overflow-wrap: break-word; white-space: pre-wrap; font-kerning: none;\"><strong>Marika Gilbert<\/strong><\/p>\n<p class=\"paragraph\" style=\"margin: 0cm; margin-bottom: .0001pt; text-align: justify; vertical-align: baseline;\"><span class=\"normaltextrun\"><b><span style=\"font-size: 11.0pt; font-family: 'Arial',sans-serif;\">L\u2019entreprise <\/span><span style=\"user-select: text; -webkit-user-drag: none; -webkit-tap-highlight-color: transparent; background-image: var(--urlSpellingErrorV2, ); border-bottom: transparent; background-position-x: 0%; background-position-y: 100%;\">Solem<\/span><span style=\"user-select: text; -webkit-user-drag: none; -webkit-tap-highlight-color: transparent;\"> investi<\/span><span style=\"user-select: text; -webkit-user-drag: none; -webkit-tap-highlight-color: transparent;\">t<\/span><span style=\"user-select: text; -webkit-user-drag: none; -webkit-tap-highlight-color: transparent;\"> pr\u00e8s de 400\u202f000 $ dans un projet d\u2019expansion de son entrep\u00f4t \u00e0 <\/span><span style=\"user-select: text; -webkit-user-drag: none; -webkit-tap-highlight-color: transparent; background-image: var(--urlSpellingErrorV2, ); border-bottom: transparent; background-position-x: 0%; background-position-y: 100%;\">H\u00e9bertville<\/span><span style=\"user-select: text; -webkit-user-drag: none; -webkit-tap-highlight-color: transparent;\"> cet automne<\/span><span style=\"user-select: text; -webkit-user-drag: none; -webkit-tap-highlight-color: transparent;\">.\u00a0<\/span><\/b><\/span><span style=\"user-select: text; -webkit-user-drag: none; -webkit-tap-highlight-color: transparent;\" data-ccp-props=\"{&quot;335551550&quot;:6,&quot;335551620&quot;:6}\"><span class=\"eop\"><span style=\"font-size: 11.0pt; font-family: 'Arial',sans-serif;\">\u00a0<\/span><\/span><\/span><\/p>\n<p class=\"paragraph\" style=\"margin: 0cm; margin-bottom: .0001pt; text-align: justify; vertical-align: baseline; user-select: text; -webkit-user-drag: none; -webkit-tap-highlight-color: transparent; overflow-wrap: break-word; white-space: pre-wrap; font-kerning: none;\"><span style=\"user-select: text; -webkit-user-drag: none; -webkit-tap-highlight-color: transparent; font-variant-ligatures: none !important;\" xml:lang=\"FR-CA\" data-contrast=\"auto\"><span style=\"user-select: text; -webkit-user-drag: none; -webkit-tap-highlight-color: transparent;\">\u00a0<\/span><\/span><\/p>\n<p class=\"paragraph\" style=\"margin: 0cm; margin-bottom: .0001pt; text-align: justify; vertical-align: baseline; user-select: text; -webkit-user-drag: none; -webkit-tap-highlight-color: transparent; overflow-wrap: break-word; white-space: pre-wrap; font-kerning: none;\"><span style=\"user-select: text; -webkit-user-drag: none; -webkit-tap-highlight-color: transparent; font-variant-ligatures: none !important;\" xml:lang=\"FR-CA\" data-contrast=\"auto\"><span style=\"user-select: text; -webkit-user-drag: none; -webkit-tap-highlight-color: transparent;\"><span class=\"normaltextrun\"><span style=\"font-size: 11.0pt; font-family: 'Arial',sans-serif;\">La jeune entreprise du Lac-Saint-Jean conna\u00eet une demande de plus en plus forte pour ses serviettes en microfibre haut de gamme. Avec une croissance s\u2019approchant du 220% annuellement, l\u2019agrandissement de leur entrep\u00f4t se fait plus que n\u00e9cessaire. En faisant affaire avec l\u2019Asie pour l\u2019importation de ses produits, <\/span><span style=\"user-select: text; -webkit-user-drag: none; -webkit-tap-highlight-color: transparent; background-image: var(--urlSpellingErrorV2, ); border-bottom: transparent; background-position-x: 0%; background-position-y: 100%;\">Solem<\/span> a connu des enjeux d\u2019approvisionnement importants depuis la pand\u00e9mie et la Guerre en Ukraine. Les deux fondatrices, Myl\u00e8ne Lessard et Marie-H\u00e9l\u00e8ne Doucet, se voient donc oblig\u00e9es de planifier des commandes pour 4 \u00e0\u202f6 mois.\u00a0<\/span><\/span><\/span><span style=\"user-select: text; -webkit-user-drag: none; -webkit-tap-highlight-color: transparent;\" data-ccp-props=\"{&quot;335551550&quot;:6,&quot;335551620&quot;:6}\"><span class=\"eop\"><span style=\"font-size: 11.0pt; font-family: 'Arial',sans-serif;\">\u00a0<\/span><\/span><\/span><\/p>\n<p class=\"paragraph\" style=\"margin: 0cm; margin-bottom: .0001pt; text-align: justify; vertical-align: baseline; user-select: text; -webkit-user-drag: none; -webkit-tap-highlight-color: transparent; overflow-wrap: break-word; white-space: pre-wrap; font-kerning: none;\"><span style=\"user-select: text; -webkit-user-drag: none; -webkit-tap-highlight-color: transparent; font-variant-ligatures: none !important;\" xml:lang=\"FR-CA\" data-contrast=\"auto\"><span style=\"user-select: text; -webkit-user-drag: none; -webkit-tap-highlight-color: transparent;\">\u00a0<\/span><\/span><\/p>\n<p class=\"paragraph\" style=\"margin: 0cm; margin-bottom: .0001pt; text-align: justify; vertical-align: baseline; user-select: text; -webkit-user-drag: none; -webkit-tap-highlight-color: transparent; overflow-wrap: break-word; white-space: pre-wrap; font-kerning: none;\"><span style=\"user-select: text; -webkit-user-drag: none; -webkit-tap-highlight-color: transparent; font-variant-ligatures: none !important;\" xml:lang=\"FR-CA\" data-contrast=\"auto\"><span style=\"user-select: text; -webkit-user-drag: none; -webkit-tap-highlight-color: transparent;\"><span class=\"normaltextrun\"><span style=\"font-size: 11.0pt; font-family: 'Arial',sans-serif;\">Comme l\u2019explique M<\/span>yl\u00e8ne, l\u2019agrandissement de l\u2019entrep\u00f4t permettra \u00e9galement d\u2019installer un espace de travail pour tous les membres de l\u2019\u00e9quipe. \u00ab Il y a 6 mois notre enjeu \u00e9tait o\u00f9 mettons-nous les serviettes. Maintenant, notre enjeu est o\u00f9 mettons-nous notre monde\u202f! \u00bb On compte aujourd\u2019hui 11\u202femploy\u00e9s qui composent l\u2019\u00e9quipe <span style=\"user-select: text; -webkit-user-drag: none; -webkit-tap-highlight-color: transparent; background-image: var(--urlSpellingErrorV2, ); border-bottom: transparent; background-position-x: 0%; background-position-y: 100%;\">Solem<\/span>.\u00a0<\/span><\/span><\/span><span style=\"user-select: text; -webkit-user-drag: none; -webkit-tap-highlight-color: transparent;\" data-ccp-props=\"{&quot;335551550&quot;:6,&quot;335551620&quot;:6}\"><span class=\"eop\"><span style=\"font-size: 11.0pt; font-family: 'Arial',sans-serif;\">\u00a0<\/span><\/span><\/span><\/p>\n<p class=\"paragraph\" style=\"margin: 0cm; margin-bottom: .0001pt; text-align: justify; vertical-align: baseline; user-select: text; -webkit-user-drag: none; -webkit-tap-highlight-color: transparent; overflow-wrap: break-word; white-space: pre-wrap; font-kerning: none;\"><span style=\"user-select: text; -webkit-user-drag: none; -webkit-tap-highlight-color: transparent; font-variant-ligatures: none !important;\" xml:lang=\"FR-CA\" data-contrast=\"auto\"><span style=\"user-select: text; -webkit-user-drag: none; -webkit-tap-highlight-color: transparent;\">\u00a0<\/span><\/span><\/p>\n<p class=\"paragraph\" style=\"margin: 0cm; margin-bottom: .0001pt; text-align: justify; vertical-align: baseline; user-select: text; -webkit-user-drag: none; -webkit-tap-highlight-color: transparent; overflow-wrap: break-word; white-space: pre-wrap; font-kerning: none;\"><span style=\"user-select: text; -webkit-user-drag: none; -webkit-tap-highlight-color: transparent; font-variant-ligatures: none !important;\" xml:lang=\"FR-CA\" data-contrast=\"auto\"><span style=\"user-select: text; -webkit-user-drag: none; -webkit-tap-highlight-color: transparent;\"><span class=\"normaltextrun\"><span style=\"font-size: 11.0pt; font-family: 'Arial',sans-serif;\">Les deux propri\u00e9taires ont pris officiellement possession du b\u00e2timent de 625pi<\/span><\/span><\/span><\/span><span style=\"user-select: text; -webkit-user-drag: none; -webkit-tap-highlight-color: transparent; font-variant-ligatures: none !important;\" xml:lang=\"FR-CA\" data-contrast=\"auto\"><span style=\"user-select: text; -webkit-user-drag: none; -webkit-tap-highlight-color: transparent;\" data-fontsize=\"11\"><span class=\"normaltextrun\"><sup><span style=\"font-size: 8.5pt; font-family: 'Arial',sans-serif;\">2<\/span><\/sup><\/span><\/span><\/span><span style=\"user-select: text; -webkit-user-drag: none; -webkit-tap-highlight-color: transparent; font-variant-ligatures: none !important;\" xml:lang=\"FR-CA\" data-contrast=\"auto\"><span style=\"user-select: text; -webkit-user-drag: none; -webkit-tap-highlight-color: transparent;\"><span class=\"normaltextrun\"><span style=\"font-size: 11.0pt; font-family: 'Arial',sans-serif;\"> cet \u00e9t\u00e9. Leur projet est de doubler la superficie de leurs installations. La partie de la b\u00e2tisse existante sera d\u00e9di\u00e9e \u00e0 l\u2019espace administratif et \u00e0 une section boutique pour accueillir les clients sur place. L<\/span>a partie neuve, quant \u00e0 elle, sera la section entrep\u00f4t o\u00f9 sont r\u00e9alis\u00e9s la r\u00e9ception de l\u2019inventaire, le contr\u00f4le-qualit\u00e9 et les commandes. La hauteur des plafonds de l\u2019entrep\u00f4t atteindra les 16 pieds afin d\u2019optimiser l\u2019espace de rangement.\u00a0<\/span><\/span><\/span><span style=\"user-select: text; -webkit-user-drag: none; -webkit-tap-highlight-color: transparent;\" data-ccp-props=\"{&quot;335551550&quot;:6,&quot;335551620&quot;:6}\"><span class=\"eop\"><span style=\"font-size: 11.0pt; font-family: 'Arial',sans-serif;\">\u00a0<\/span><\/span><\/span><\/p>\n<p class=\"paragraph\" style=\"margin: 0cm; margin-bottom: .0001pt; text-align: justify; vertical-align: baseline; user-select: text; -webkit-user-drag: none; -webkit-tap-highlight-color: transparent; overflow-wrap: break-word; white-space: pre-wrap; font-kerning: none;\"><span style=\"user-select: text; -webkit-user-drag: none; -webkit-tap-highlight-color: transparent; font-variant-ligatures: none !important;\" xml:lang=\"FR-CA\" data-contrast=\"auto\"><span style=\"user-select: text; -webkit-user-drag: none; -webkit-tap-highlight-color: transparent;\">\u00a0<\/span><\/span><\/p>\n<p class=\"paragraph\" style=\"margin: 0cm; margin-bottom: .0001pt; text-align: justify; vertical-align: baseline; user-select: text; -webkit-user-drag: none; -webkit-tap-highlight-color: transparent; overflow-wrap: break-word; white-space: pre-wrap; font-kerning: none;\"><span style=\"user-select: text; -webkit-user-drag: none; -webkit-tap-highlight-color: transparent; font-variant-ligatures: none !important;\" xml:lang=\"FR-CA\" data-contrast=\"auto\"><span style=\"user-select: text; -webkit-user-drag: none; -webkit-tap-highlight-color: transparent;\"><span class=\"normaltextrun\"><span style=\"font-size: 11.0pt; font-family: 'Arial',sans-serif;\">Myl\u00e8ne et Marie-H\u00e9l\u00e8ne ont p<\/span>r\u00e9vu un projet d\u2019agrandissement comportant trois phases de d\u00e9veloppement. Une expansion par l\u2019arri\u00e8re du b\u00e2timent ainsi qu\u2019un deuxi\u00e8me \u00e9tage sont alors pens\u00e9s pour des projets de construction \u00e0 venir. Myl\u00e8ne croit que ceux-ci arriveront plus rapidement que pr\u00e9vu. \u00ab \u00c7a fait un an qu\u2019on travaille sur le projet de construction. L\u00e0 on est rendu \u00e0 construire et c\u2019est quasiment d\u00e9j\u00e0 rendu trop petit. \u00bb <\/span><\/span><\/span><span style=\"user-select: text; -webkit-user-drag: none; -webkit-tap-highlight-color: transparent;\" data-ccp-props=\"{&quot;335551550&quot;:6,&quot;335551620&quot;:6}\"><span class=\"eop\"><span style=\"font-size: 11.0pt; font-family: 'Arial',sans-serif;\">\u00a0<\/span><\/span><\/span><\/p>\n<p class=\"paragraph\" style=\"margin: 0cm; margin-bottom: .0001pt; text-align: justify; vertical-align: baseline; user-select: text; -webkit-user-drag: none; -webkit-tap-highlight-color: transparent; overflow-wrap: break-word; white-space: pre-wrap; font-kerning: none;\"><span style=\"user-select: text; -webkit-user-drag: none; -webkit-tap-highlight-color: transparent; font-variant-ligatures: none !important;\" xml:lang=\"FR-CA\" data-contrast=\"auto\"><span style=\"user-select: text; -webkit-user-drag: none; -webkit-tap-highlight-color: transparent;\">\u00a0<\/span><\/span><\/p>\n","protected":false},"excerpt":{"rendered":"<p>Marika Gilbert L\u2019entreprise Solem investit pr\u00e8s de 400\u202f000 $ dans un projet d\u2019expansion de son entrep\u00f4t \u00e0 H\u00e9bertville cet automne.\u00a0\u00a0 \u00a0 La jeune entreprise du Lac-Saint-Jean conna\u00eet une demande de plus en plus forte pour ses serviettes en microfibre haut de gamme. Avec une croissance s\u2019approchant du 220% annuellement, l\u2019agrandissement&#8230;<\/p>\n<div class=\"more-container\"><a class=\"more-link\" href=\"http:\/\/www.decmultimedia.ca\/pigeon2014\/solem-une-jeune-entreprise-en-pleine-croissance\/\" itemprop=\"url\">Continue reading<\/a><\/div>\n","protected":false},"author":1,"featured_media":6286,"comment_status":"closed","ping_status":"closed","sticky":false,"template":"","format":"standard","meta":{"footnotes":""},"categories":[95,75],"tags":[],"_links":{"self":[{"href":"http:\/\/www.decmultimedia.ca\/pigeon2014\/wp-json\/wp\/v2\/posts\/6280"}],"collection":[{"href":"http:\/\/www.decmultimedia.ca\/pigeon2014\/wp-json\/wp\/v2\/posts"}],"about":[{"href":"http:\/\/www.decmultimedia.ca\/pigeon2014\/wp-json\/wp\/v2\/types\/post"}],"author":[{"embeddable":true,"href":"http:\/\/www.decmultimedia.ca\/pigeon2014\/wp-json\/wp\/v2\/users\/1"}],"replies":[{"embeddable":true,"href":"http:\/\/www.decmultimedia.ca\/pigeon2014\/wp-json\/wp\/v2\/comments?post=6280"}],"version-history":[{"count":3,"href":"http:\/\/www.decmultimedia.ca\/pigeon2014\/wp-json\/wp\/v2\/posts\/6280\/revisions"}],"predecessor-version":[{"id":6330,"href":"http:\/\/www.decmultimedia.ca\/pigeon2014\/wp-json\/wp\/v2\/posts\/6280\/revisions\/6330"}],"wp:featuredmedia":[{"embeddable":true,"href":"http:\/\/www.decmultimedia.ca\/pigeon2014\/wp-json\/wp\/v2\/media\/6286"}],"wp:attachment":[{"href":"http:\/\/www.decmultimedia.ca\/pigeon2014\/wp-json\/wp\/v2\/media?parent=6280"}],"wp:term":[{"taxonomy":"category","embeddable":true,"href":"http:\/\/www.decmultimedia.ca\/pigeon2014\/wp-json\/wp\/v2\/categories?post=6280"},{"taxonomy":"post_tag","embeddable":true,"href":"http:\/\/www.decmultimedia.ca\/pigeon2014\/wp-json\/wp\/v2\/tags?post=6280"}],"curies":[{"name":"wp","href":"https:\/\/api.w.org\/{rel}","templated":true}]}}