{"id":6301,"date":"2022-12-09T13:09:16","date_gmt":"2022-12-09T18:09:16","guid":{"rendered":"http:\/\/www.decmultimedia.ca\/pigeon2014\/?p=6301"},"modified":"2022-12-13T09:09:24","modified_gmt":"2022-12-13T14:09:24","slug":"promouvoir-lart-et-la-culture-en-milieu-eloigne-un-defi-particulier","status":"publish","type":"post","link":"http:\/\/www.decmultimedia.ca\/pigeon2014\/promouvoir-lart-et-la-culture-en-milieu-eloigne-un-defi-particulier\/","title":{"rendered":"Promouvoir l\u2019art et la culture en milieu \u00e9loign\u00e9\u00a0: un d\u00e9fi particulier \u00a0 \u00a0"},"content":{"rendered":"<p><strong>\u00c9mil Lavoie\u00a0 \u00a0<\/strong><\/p>\n<p><strong>Promouvoir le milieu des arts et de la culture repr\u00e9sente tout un d\u00e9fi dans les r\u00e9gions \u00e9loign\u00e9es. C\u2019est pourtant ce que Marie-Pierre Mailhot, la directrice g\u00e9n\u00e9rale du Complexe culturel F\u00e9lix-Leclerc s\u2019est donn\u00e9e comme mission.<\/strong><\/p>\n<p>La ville de La Tuque est situ\u00e9e \u00e0 2 heures de voiture de l\u2019ensemble des centres urbains les plus proches. En plus de cela, l\u2019agglom\u00e9ration de La Tuque comporte trois communaut\u00e9s autochtones ainsi que plusieurs municipalit\u00e9s distantes les unes des autres. Cette particularit\u00e9 g\u00e9ographique exige un effort suppl\u00e9mentaire pour rejoindre l\u2019ensemble de la communaut\u00e9.<\/p>\n<p>Mme Mailhot et son \u00e9quipe ont donc d\u00e9velopp\u00e9 des strat\u00e9gies afin de rendre le domaine des arts et de la culture plus attrayant et plus accessible \u00e0 tous. \u00ab Il faut toujours trouver le meilleur v\u00e9hicule pour le message qu\u2019on a \u00e0 passer. Mon message est tr\u00e8s large, c\u2019est de faire connaitre les arts et la culture \u00bb, mentionne la directrice g\u00e9n\u00e9rale du Complexe culturel.<\/p>\n<p>L\u2019un des moyens utilis\u00e9s pour favoriser l\u2019acc\u00e8s aux arts de la sc\u00e8ne en milieu \u00e9loign\u00e9 est la diffusion en direct ou en diff\u00e9r\u00e9. Cela permet aux publics de Parent et de Wemotaci ainsi qu\u2019aux personnes en CHSLD de rester connect\u00e9es au milieu des arts et de la culture m\u00eame s\u2019ils ne peuvent pas acc\u00e9der \u00e0 la salle de spectacle.<\/p>\n<p>Un camp d\u2019initiation aux arts et aux nouveaux arts vivants, sp\u00e9cialement pour les jeunes, est \u00e9galement en d\u00e9veloppement pour l\u2019ann\u00e9e 2024. L\u2019objectif est de permettre aux jeunes d\u2019acqu\u00e9rir une exp\u00e9rience sur sc\u00e8ne lors de la composition d\u2019un spectacle artistique.<\/p>\n<p>\u00ab Le but ce n\u2019est pas juste qu\u2019ils ach\u00e8tent un billet chez nous et qu\u2019ils viennent voir un show. C\u2019est qu\u2019il s\u2019impr\u00e8gne des arts et de la culture et qu\u2019ils deviennent des consommateurs de la culture \u00e0 l\u2019\u00e9chelle du Qu\u00e9bec \u00bb, souligne Mme Mailhot. \u00ab\u00a0Que les gens soient \u00e9veill\u00e9s au niveau des arts et de la culture &#8211; \u00e7a, c\u2019est mon mandat \u00bb, conclut-elle fi\u00e8rement.<\/p>\n","protected":false},"excerpt":{"rendered":"<p>\u00c9mil Lavoie\u00a0 \u00a0 Promouvoir le milieu des arts et de la culture repr\u00e9sente tout un d\u00e9fi dans les r\u00e9gions \u00e9loign\u00e9es. C\u2019est pourtant ce que Marie-Pierre Mailhot, la directrice g\u00e9n\u00e9rale du Complexe culturel F\u00e9lix-Leclerc s\u2019est donn\u00e9e comme mission. La ville de La Tuque est situ\u00e9e \u00e0 2 heures de voiture de&#8230;<\/p>\n<div class=\"more-container\"><a class=\"more-link\" href=\"http:\/\/www.decmultimedia.ca\/pigeon2014\/promouvoir-lart-et-la-culture-en-milieu-eloigne-un-defi-particulier\/\" itemprop=\"url\">Continue reading<\/a><\/div>\n","protected":false},"author":1,"featured_media":6302,"comment_status":"closed","ping_status":"closed","sticky":false,"template":"","format":"standard","meta":{"footnotes":""},"categories":[130,78],"tags":[],"_links":{"self":[{"href":"http:\/\/www.decmultimedia.ca\/pigeon2014\/wp-json\/wp\/v2\/posts\/6301"}],"collection":[{"href":"http:\/\/www.decmultimedia.ca\/pigeon2014\/wp-json\/wp\/v2\/posts"}],"about":[{"href":"http:\/\/www.decmultimedia.ca\/pigeon2014\/wp-json\/wp\/v2\/types\/post"}],"author":[{"embeddable":true,"href":"http:\/\/www.decmultimedia.ca\/pigeon2014\/wp-json\/wp\/v2\/users\/1"}],"replies":[{"embeddable":true,"href":"http:\/\/www.decmultimedia.ca\/pigeon2014\/wp-json\/wp\/v2\/comments?post=6301"}],"version-history":[{"count":4,"href":"http:\/\/www.decmultimedia.ca\/pigeon2014\/wp-json\/wp\/v2\/posts\/6301\/revisions"}],"predecessor-version":[{"id":6355,"href":"http:\/\/www.decmultimedia.ca\/pigeon2014\/wp-json\/wp\/v2\/posts\/6301\/revisions\/6355"}],"wp:featuredmedia":[{"embeddable":true,"href":"http:\/\/www.decmultimedia.ca\/pigeon2014\/wp-json\/wp\/v2\/media\/6302"}],"wp:attachment":[{"href":"http:\/\/www.decmultimedia.ca\/pigeon2014\/wp-json\/wp\/v2\/media?parent=6301"}],"wp:term":[{"taxonomy":"category","embeddable":true,"href":"http:\/\/www.decmultimedia.ca\/pigeon2014\/wp-json\/wp\/v2\/categories?post=6301"},{"taxonomy":"post_tag","embeddable":true,"href":"http:\/\/www.decmultimedia.ca\/pigeon2014\/wp-json\/wp\/v2\/tags?post=6301"}],"curies":[{"name":"wp","href":"https:\/\/api.w.org\/{rel}","templated":true}]}}