{"id":6305,"date":"2022-12-09T09:35:53","date_gmt":"2022-12-09T14:35:53","guid":{"rendered":"http:\/\/www.decmultimedia.ca\/pigeon2014\/?p=6305"},"modified":"2022-12-13T09:05:58","modified_gmt":"2022-12-13T14:05:58","slug":"ouragan-fiona%e2%80%af-la-perspective-dun-habitant-des-iles-de-la-madeleine","status":"publish","type":"post","link":"http:\/\/www.decmultimedia.ca\/pigeon2014\/ouragan-fiona%e2%80%af-la-perspective-dun-habitant-des-iles-de-la-madeleine\/","title":{"rendered":"Ouragan Fiona\u202f: la perspective d\u2019un habitant des \u00celes-de-la-Madeleine"},"content":{"rendered":"<p><strong>L\u00e9o Hudon<\/strong><\/p>\n<p><strong>Gilles Hudon, un r\u00e9sident des \u00celes-de-la-Madeleine et ex-employ\u00e9 de la municipalit\u00e9 des \u00celes, d\u00e9crit les pertes sur l\u2019archipel caus\u00e9es par l\u2019ouragan Fiona le 24 septembre dernier.\u00a0<\/strong><\/p>\n<p>L\u2019ouragan Fiona s\u2019est form\u00e9 le 14 septembre 2022 \u00e0 l\u2019est des Petites Antilles. Avant de toucher le golfe du Saint-Laurent, elle a touch\u00e9 l\u2019Am\u00e9rique centrale et s\u2019est ensuite d\u00e9plac\u00e9e au nord.<\/p>\n<p>\u00ab Certaines parties de la population \u00e9taient en danger et ensuite de \u00e7a, chaque particulier a eu \u00e0 vivre avec des vents violents qui ont occasionn\u00e9 des bris dans certaines situations \u00bb, dit-il. Gilles est aussi dans une situation semblable. Dans son cas, c\u2019est sa serre o\u00f9 il cultivait ses propres l\u00e9gumes qui a \u00e9t\u00e9 victimes des vents violents.<\/p>\n<p>Pour lui, ses assurances ne couvriront pas les pertes caus\u00e9es par l\u2019ouragan. \u00abD\u2019autres qui ont essuy\u00e9 des pertes plus importantes ont eu acc\u00e8s \u00e0 des programmes gouvernementaux qui ont \u00e9t\u00e9 annonc\u00e9s d\u00e8s le lendemain [\u2026] et la municipalit\u00e9, je crois, a d\u00e9bloqu\u00e9 des programmes d\u2019aides aux sinistr\u00e9s pour leur permettre soit de se d\u00e9partir de leurs d\u00e9chets suite \u00e0 la d\u00e9molition ou de les aider \u00e0 pouvoir avoir de l\u2019aide financi\u00e8re \u00e9ventuellement dans certains cas \u00bb, ajoute Gilles Hudon.<\/p>\n<p>\u00abLes catastrophes naturelles [\u2026] \u00e9rodent beaucoup le territoire des \u00celes-de-la-Madeleine.\u00bb Pour Gilles, la cause principale de l\u2019\u00e9rosion sur l\u2019archipel est le r\u00e9chauffement climatique. Lors de l\u2019hiver, une couche de glace se forme sur les falaises et emp\u00eache l\u2019\u00e9rosion en temps de temp\u00eate. Mais depuis quelque temps, la situation a beaucoup chang\u00e9. Les hivers se font plus chauds et donc la glace ne se forme plus sur les falaises pour les prot\u00e9ger des grands vents.<\/p>\n<p>Les structures qui ont \u00e9t\u00e9 les plus endommag\u00e9es aux \u00celes-de-la-Madeleine sont celles qui sont en bord de mer. Selon monsieur Hudon, la municipalit\u00e9 devrait \u00e9loigner les b\u00e2timents du littoral et devrait les construire de fa\u00e7on plus solide pour \u00e9viter que le m\u00eame genre de catastrophe survienne encore.<\/p>\n<p>&nbsp;<\/p>\n<p>&nbsp;<\/p>\n","protected":false},"excerpt":{"rendered":"<p>L\u00e9o Hudon Gilles Hudon, un r\u00e9sident des \u00celes-de-la-Madeleine et ex-employ\u00e9 de la municipalit\u00e9 des \u00celes, d\u00e9crit les pertes sur l\u2019archipel caus\u00e9es par l\u2019ouragan Fiona le 24 septembre dernier.\u00a0 L\u2019ouragan Fiona s\u2019est form\u00e9 le 14 septembre 2022 \u00e0 l\u2019est des Petites Antilles. Avant de toucher le golfe du Saint-Laurent, elle a&#8230;<\/p>\n<div class=\"more-container\"><a class=\"more-link\" href=\"http:\/\/www.decmultimedia.ca\/pigeon2014\/ouragan-fiona%e2%80%af-la-perspective-dun-habitant-des-iles-de-la-madeleine\/\" itemprop=\"url\">Continue reading<\/a><\/div>\n","protected":false},"author":1,"featured_media":6309,"comment_status":"closed","ping_status":"closed","sticky":false,"template":"","format":"standard","meta":{"footnotes":""},"categories":[95,75],"tags":[],"_links":{"self":[{"href":"http:\/\/www.decmultimedia.ca\/pigeon2014\/wp-json\/wp\/v2\/posts\/6305"}],"collection":[{"href":"http:\/\/www.decmultimedia.ca\/pigeon2014\/wp-json\/wp\/v2\/posts"}],"about":[{"href":"http:\/\/www.decmultimedia.ca\/pigeon2014\/wp-json\/wp\/v2\/types\/post"}],"author":[{"embeddable":true,"href":"http:\/\/www.decmultimedia.ca\/pigeon2014\/wp-json\/wp\/v2\/users\/1"}],"replies":[{"embeddable":true,"href":"http:\/\/www.decmultimedia.ca\/pigeon2014\/wp-json\/wp\/v2\/comments?post=6305"}],"version-history":[{"count":3,"href":"http:\/\/www.decmultimedia.ca\/pigeon2014\/wp-json\/wp\/v2\/posts\/6305\/revisions"}],"predecessor-version":[{"id":6325,"href":"http:\/\/www.decmultimedia.ca\/pigeon2014\/wp-json\/wp\/v2\/posts\/6305\/revisions\/6325"}],"wp:featuredmedia":[{"embeddable":true,"href":"http:\/\/www.decmultimedia.ca\/pigeon2014\/wp-json\/wp\/v2\/media\/6309"}],"wp:attachment":[{"href":"http:\/\/www.decmultimedia.ca\/pigeon2014\/wp-json\/wp\/v2\/media?parent=6305"}],"wp:term":[{"taxonomy":"category","embeddable":true,"href":"http:\/\/www.decmultimedia.ca\/pigeon2014\/wp-json\/wp\/v2\/categories?post=6305"},{"taxonomy":"post_tag","embeddable":true,"href":"http:\/\/www.decmultimedia.ca\/pigeon2014\/wp-json\/wp\/v2\/tags?post=6305"}],"curies":[{"name":"wp","href":"https:\/\/api.w.org\/{rel}","templated":true}]}}