{"id":6477,"date":"2023-05-15T11:52:04","date_gmt":"2023-05-15T15:52:04","guid":{"rendered":"https:\/\/www.decmultimedia.ca\/pigeon2014\/?p=6477"},"modified":"2023-05-15T11:52:04","modified_gmt":"2023-05-15T15:52:04","slug":"violence-extreme-dans-les-rues-en-france","status":"publish","type":"post","link":"http:\/\/www.decmultimedia.ca\/pigeon2014\/violence-extreme-dans-les-rues-en-france\/","title":{"rendered":"Violence extr\u00eame dans les rues en France"},"content":{"rendered":"<p>Thalia Chevalier<\/p>\n<p><strong>Depuis le d\u00e9but des manifestations contre la r\u00e9forme des retraites en France, la rivalit\u00e9 entre policiers et manifestants se traduit par des affrontements extr\u00eames. La police qualifie les violences d\u2019injustifi\u00e9es alors que les manifestants craignent la police.<\/strong><\/p>\n<p>Depuis le 19 janvier 2023, les manifestations contre la r\u00e9forme des retraites\u00a0augmentent. Deux camps se sont form\u00e9s. D\u2019un c\u00f4t\u00e9, des policiers, repr\u00e9sentants de l\u2019\u00e9tat, qui tentent de maintenir l\u2019ordre et d\u2019un autre, des manifestants qui se r\u00e9voltent contre le gouvernement qui reste sur ses positions.<\/p>\n<p>La major de police du commissariat de Rennes, Laurence Petit, affirme que les violences faites aux policiers sont gratuites et injustifi\u00e9es. \u00ab On n\u2019est pas pay\u00e9 pour se faire tuer, mais pour maintenir l\u2019ordre. \u00bb Cependant, Mme Petit admet qu\u2019elle n\u2019est pas contre tous les manifestants. \u00ab Je n\u2019ai rien contre le manifestant lambda, je peux le comprendre tant qu\u2019il ne va pas casser, mais uniquement manifester son m\u00e9contentement, \u00e7a fait partie des libert\u00e9s. \u00bb<\/p>\n<p>Cette m\u00eame violence est justifi\u00e9e par un manifestant, \u00e9tudiant \u00e0 la FAC de Rennes, Louis Barre-Raoult qui d\u00e9nonce qu\u2019en manifestation, le seul danger, c\u2019est la police. \u00ab Les policiers repr\u00e9sentent une forme d\u2019autorit\u00e9 contre laquelle on se bat. \u00bb Il estime alors que la violence des manifestants sur la police est l\u00e9gitime. \u00ab Le r\u00f4le de la police est d\u00e9pass\u00e9, car ils utilisent des armes qui ne sont pas appropri\u00e9es contre des citoyens qui ne repr\u00e9sentent aucun danger r\u00e9el n\u2019\u00e9tant pas arm\u00e9s. \u00bb Il qualifie la violence des policiers comme d\u00e9mesur\u00e9e. Le probl\u00e8me majeur de ce mouvement est le rapport de force entre les deux camps qui n\u2019expliquent pas de m\u00eame fa\u00e7on la violence.<\/p>\n<p>Les craintes sont \u00e9galement diff\u00e9rentes des deux c\u00f4t\u00e9s. La major de police redoute les violences des prochaines manifestations et la diminution des effectifs policiers. D\u2019autant que certains manifestants sont l\u00e0 pour \u00ab\u00a0casser du flic, c\u2019est clairement dit aujourd\u2019hui \u00bb, explique Mme Petit.<\/p>\n<p>Alors que l\u2019inqui\u00e9tude des manifestants est l\u2019arr\u00eat des mobilisations.\u00a0\u00ab Ma peur est qu\u2019il y ait moins de monde dans la rue \u00bb, affirme l\u2019\u00e9tudiant Barre-Raoult. La longueur de cette r\u00e9volte lui fait craindre que les gens se lassent. \u00ab J\u2019ai peur qu\u2019ils perdent espoir, je ne m\u2019inqui\u00e8te pas de la violence, car elle est d\u00e9j\u00e0 pr\u00e9sente. \u00bb<\/p>\n<p>Emmanuel Macron tente de r\u00e9cup\u00e9rer la confiance des Fran\u00e7ais. Il se donne 100 jours, pour faire le point sur la situation.<\/p>\n","protected":false},"excerpt":{"rendered":"<p>Thalia Chevalier Depuis le d\u00e9but des manifestations contre la r\u00e9forme des retraites en France, la rivalit\u00e9 entre policiers et manifestants se traduit par des affrontements extr\u00eames. La police qualifie les violences d\u2019injustifi\u00e9es alors que les manifestants craignent la police. Depuis le 19 janvier 2023, les manifestations contre la r\u00e9forme des&#8230;<\/p>\n<div class=\"more-container\"><a class=\"more-link\" href=\"http:\/\/www.decmultimedia.ca\/pigeon2014\/violence-extreme-dans-les-rues-en-france\/\" itemprop=\"url\">Continue reading<\/a><\/div>\n","protected":false},"author":1,"featured_media":6485,"comment_status":"closed","ping_status":"closed","sticky":false,"template":"","format":"standard","meta":{"footnotes":""},"categories":[95],"tags":[],"_links":{"self":[{"href":"http:\/\/www.decmultimedia.ca\/pigeon2014\/wp-json\/wp\/v2\/posts\/6477"}],"collection":[{"href":"http:\/\/www.decmultimedia.ca\/pigeon2014\/wp-json\/wp\/v2\/posts"}],"about":[{"href":"http:\/\/www.decmultimedia.ca\/pigeon2014\/wp-json\/wp\/v2\/types\/post"}],"author":[{"embeddable":true,"href":"http:\/\/www.decmultimedia.ca\/pigeon2014\/wp-json\/wp\/v2\/users\/1"}],"replies":[{"embeddable":true,"href":"http:\/\/www.decmultimedia.ca\/pigeon2014\/wp-json\/wp\/v2\/comments?post=6477"}],"version-history":[{"count":4,"href":"http:\/\/www.decmultimedia.ca\/pigeon2014\/wp-json\/wp\/v2\/posts\/6477\/revisions"}],"predecessor-version":[{"id":6671,"href":"http:\/\/www.decmultimedia.ca\/pigeon2014\/wp-json\/wp\/v2\/posts\/6477\/revisions\/6671"}],"wp:featuredmedia":[{"embeddable":true,"href":"http:\/\/www.decmultimedia.ca\/pigeon2014\/wp-json\/wp\/v2\/media\/6485"}],"wp:attachment":[{"href":"http:\/\/www.decmultimedia.ca\/pigeon2014\/wp-json\/wp\/v2\/media?parent=6477"}],"wp:term":[{"taxonomy":"category","embeddable":true,"href":"http:\/\/www.decmultimedia.ca\/pigeon2014\/wp-json\/wp\/v2\/categories?post=6477"},{"taxonomy":"post_tag","embeddable":true,"href":"http:\/\/www.decmultimedia.ca\/pigeon2014\/wp-json\/wp\/v2\/tags?post=6477"}],"curies":[{"name":"wp","href":"https:\/\/api.w.org\/{rel}","templated":true}]}}