{"id":6480,"date":"2023-05-15T10:54:49","date_gmt":"2023-05-15T14:54:49","guid":{"rendered":"http:\/\/www.decmultimedia.ca\/pigeon2014\/?p=6480"},"modified":"2023-05-15T10:54:49","modified_gmt":"2023-05-15T14:54:49","slug":"reveil-independantiste-chez-la-nouvelle-generation","status":"publish","type":"post","link":"http:\/\/www.decmultimedia.ca\/pigeon2014\/reveil-independantiste-chez-la-nouvelle-generation\/","title":{"rendered":"R\u00e9veil ind\u00e9pendantiste chez la nouvelle g\u00e9n\u00e9ration"},"content":{"rendered":"<p>Xavier Pouliot<\/p>\n<p><strong>Depuis le r\u00e9f\u00e9rendum de 1995, la question d\u2019ind\u00e9pendance qu\u00e9b\u00e9coise s\u2019est peu \u00e0 peu perdue. Voil\u00e0 que de nos jours, la nouvelle g\u00e9n\u00e9ration recommence \u00e0 s\u2019int\u00e9resser \u00e0 la souverainet\u00e9 du Qu\u00e9bec.<\/strong><\/p>\n<p>Selon le dernier sondage L\u00e9ger publi\u00e9 en 2023 sur la question r\u00e9f\u00e9rendaire, le \u00ab OUI \u00bb connaitrait une hausse de 9 % chez les francophones par rapport \u00e0 son pr\u00e9c\u00e9dent, et serait maintenant \u00e0 48 % en faveur. La pr\u00e9sidente du Comit\u00e9 national des jeunes du Parti qu\u00e9b\u00e9cois (CNJPQ), Marie-Laurence Desgagn\u00e9, voit une augmentation du nombre de membres de 30 % depuis la r\u00e9cente campagne du Parti qu\u00e9b\u00e9cois. Cette augmentation est arriv\u00e9e lors de la r\u00e9cente campagne. \u00ab \u00c7a faisait longtemps qu\u2019on n\u2019avait pas assum\u00e9 pleinement la question ind\u00e9pendantiste \u00bb, affirme la pr\u00e9sidente du CNJPQ.<\/p>\n<p>Elle reconna\u00eet que l\u2019\u00e9volution des partis politiques pour aller chercher davantage la nouvelle g\u00e9n\u00e9ration d\u2019\u00e9lecteurs aide r\u00e9ellement \u00e0 rallumer la flamme souverainiste. \u00ab Avoir des leaders souverainistes qui peuvent parler \u00e0 une autre g\u00e9n\u00e9ration, c\u2019est vraiment pr\u00e9cieux pour un mouvement \u00bb, souligne Mme Desgagn\u00e9 qui salue les efforts de son chef, Paul St-Pierre Plamondon, pour essayer de joindre un peu plus les jeunes.<\/p>\n<p>Afin de rassembler les jeunes pour qu\u2019ils s\u2019identifient au mouvement souverainiste la solution serait une sorte de nationalisme d\u2019ouverture, explique l\u2019enseignant en sciences politiques au C\u00e9gep de Jonqui\u00e8re, Pierre Turcotte. Le nationalisme d\u2019ouverture se d\u00e9finit par \u00ab peu importe d\u2019o\u00f9 tu viens, o\u00f9 est-ce qu\u2019on s\u2019en va ensemble? \u00bb, d\u00e9crit M. Turcotte. Il fait le contraste avec le nationalisme identitaire qui est moins rassembleur dans la nouvelle soci\u00e9t\u00e9 multiculturelle qu\u00e9b\u00e9coise. \u00ab Voir l\u2019autre comme un ennemi \u00e0 ta culture, c\u2019est ne pas r\u00e9aliser qu\u2019au contraire il vient rajouter une brique \u00e0 ta culture \u00bb, soul\u00e8ve l\u2019enseignant.<\/p>\n<p>De la sorte, les nouveaux arrivants se sentiraient plus accept\u00e9s et s\u2019identifieraient plus \u00e0 la culture qu\u00e9b\u00e9coise qui est un \u00ab m\u00e9tissage de cultures \u00bb. Alors c\u2019est en encadrant ces immigrants que les partis souverainistes vont pouvoir passer leurs id\u00e9es. \u00ab Au moment o\u00f9 tu n\u2019acceptes pas les autres parce que tu les vois comme des ennemis, bien il n\u2019y a aucune mani\u00e8re qu\u2019on soit capable d\u2019ensemble construire un pays \u00bb, rappelle l\u2019enseignant Pierre Turcotte. Ainsi, c\u2019est signe que les Qu\u00e9b\u00e9cois se seront accept\u00e9s parmi leurs diff\u00e9rences, conclut-il.<\/p>\n","protected":false},"excerpt":{"rendered":"<p>Xavier Pouliot Depuis le r\u00e9f\u00e9rendum de 1995, la question d\u2019ind\u00e9pendance qu\u00e9b\u00e9coise s\u2019est peu \u00e0 peu perdue. Voil\u00e0 que de nos jours, la nouvelle g\u00e9n\u00e9ration recommence \u00e0 s\u2019int\u00e9resser \u00e0 la souverainet\u00e9 du Qu\u00e9bec. Selon le dernier sondage L\u00e9ger publi\u00e9 en 2023 sur la question r\u00e9f\u00e9rendaire, le \u00ab OUI \u00bb connaitrait une&#8230;<\/p>\n<div class=\"more-container\"><a class=\"more-link\" href=\"http:\/\/www.decmultimedia.ca\/pigeon2014\/reveil-independantiste-chez-la-nouvelle-generation\/\" itemprop=\"url\">Continue reading<\/a><\/div>\n","protected":false},"author":1,"featured_media":6483,"comment_status":"closed","ping_status":"closed","sticky":false,"template":"","format":"standard","meta":{"footnotes":""},"categories":[1],"tags":[],"_links":{"self":[{"href":"http:\/\/www.decmultimedia.ca\/pigeon2014\/wp-json\/wp\/v2\/posts\/6480"}],"collection":[{"href":"http:\/\/www.decmultimedia.ca\/pigeon2014\/wp-json\/wp\/v2\/posts"}],"about":[{"href":"http:\/\/www.decmultimedia.ca\/pigeon2014\/wp-json\/wp\/v2\/types\/post"}],"author":[{"embeddable":true,"href":"http:\/\/www.decmultimedia.ca\/pigeon2014\/wp-json\/wp\/v2\/users\/1"}],"replies":[{"embeddable":true,"href":"http:\/\/www.decmultimedia.ca\/pigeon2014\/wp-json\/wp\/v2\/comments?post=6480"}],"version-history":[{"count":4,"href":"http:\/\/www.decmultimedia.ca\/pigeon2014\/wp-json\/wp\/v2\/posts\/6480\/revisions"}],"predecessor-version":[{"id":6666,"href":"http:\/\/www.decmultimedia.ca\/pigeon2014\/wp-json\/wp\/v2\/posts\/6480\/revisions\/6666"}],"wp:featuredmedia":[{"embeddable":true,"href":"http:\/\/www.decmultimedia.ca\/pigeon2014\/wp-json\/wp\/v2\/media\/6483"}],"wp:attachment":[{"href":"http:\/\/www.decmultimedia.ca\/pigeon2014\/wp-json\/wp\/v2\/media?parent=6480"}],"wp:term":[{"taxonomy":"category","embeddable":true,"href":"http:\/\/www.decmultimedia.ca\/pigeon2014\/wp-json\/wp\/v2\/categories?post=6480"},{"taxonomy":"post_tag","embeddable":true,"href":"http:\/\/www.decmultimedia.ca\/pigeon2014\/wp-json\/wp\/v2\/tags?post=6480"}],"curies":[{"name":"wp","href":"https:\/\/api.w.org\/{rel}","templated":true}]}}