{"id":6553,"date":"2023-05-15T16:55:38","date_gmt":"2023-05-15T20:55:38","guid":{"rendered":"http:\/\/www.decmultimedia.ca\/pigeon2014\/?p=6553"},"modified":"2023-05-15T16:55:58","modified_gmt":"2023-05-15T20:55:58","slug":"reforme-linguistique-controversee-pour-les-cegeps-anglophones","status":"publish","type":"post","link":"http:\/\/www.decmultimedia.ca\/pigeon2014\/reforme-linguistique-controversee-pour-les-cegeps-anglophones\/","title":{"rendered":"R\u00e9forme linguistique controvers\u00e9e pour les c\u00e9geps anglophones"},"content":{"rendered":"<p><strong>La loi 96 marque une nouvelle \u00e8re pour les c\u00e9geps anglophones. La r\u00e9forme caquiste de la loi 101, qui vise \u00e0 prot\u00e9ger le fran\u00e7ais comme langue officielle au Qu\u00e9bec, inqui\u00e8te plusieurs futurs \u00e9tudiants depuis son entr\u00e9e en vigueur en juin 2022.<\/strong><\/p>\n<p>Virginie Mailloux<\/p>\n<p>\u00c0 partir de l\u2019automne 2023, plusieurs mesures qui visent \u00e0 ralentir l\u2019anglicisation des jeunes qu\u00e9b\u00e9cois seront mises en place dans les institutions coll\u00e9giales anglophones. Entre autres, le nombre d\u2019\u00e9tudiants issus d\u2019un milieu historiquement francophone sera limit\u00e9 \u00e0 30 834 afin de freiner la hausse des derni\u00e8res ann\u00e9es. Selon le minist\u00e8re de l\u2019\u00c9ducation, 17,5 % des c\u00e9g\u00e9piens de langue maternelle fran\u00e7aise fr\u00e9quentaient un \u00e9tablissement anglophone en 2022. Pour ces derniers, trois cours de fran\u00e7ais seront obligatoires et ils devront r\u00e9ussir l\u2019\u00e9preuve uniforme de fran\u00e7ais \u00e0 la fin de leur parcours.<\/p>\n<p>Une future \u00e9tudiante du coll\u00e8ge Dawson, Jasmin Moustafa, s\u2019inqui\u00e8te. \u00ab Le fran\u00e7ais ce n\u2019est pas vraiment ma force, c\u2019est pour \u00e7a que j\u2019ai fait ma demande dans un c\u00e9gep en anglais [\u2026] J\u2019ai peur que l\u2019\u00e9preuve soit trop compliqu\u00e9e pour moi \u00bb, explique-t-elle.<\/p>\n<p>La dissertation critique est une cause de stress pour plusieurs \u00e9tudiants, car elle est obligatoire \u00e0 l\u2019obtention d\u2019un dipl\u00f4me d\u2019\u00e9tudes coll\u00e9giales. La jeune femme est d\u00e9courag\u00e9e. \u00ab J\u2019ai fait mon primaire et mon secondaire en fran\u00e7ais et je ne pensais pas \u00eatre oblig\u00e9e \u00e0 continuer. Je ne pense pas que c\u2019est n\u00e9cessaire, je n\u2019ai pas plus envie de travailler en fran\u00e7ais plus tard \u00bb, avoue-t-elle.<\/p>\n<p>Selon un enseignant de fran\u00e7ais et litt\u00e9rature au C\u00e9gep de Jonqui\u00e8re, Guillaume St-Pierre, la loi 101 n\u00e9cessitait une actualisation. \u00ab S\u2019il y a beaucoup de francophones qui fr\u00e9quentent des c\u00e9geps anglophones, est-ce qu\u2019on perd des locuteurs du fran\u00e7ais? Probablement \u00bb, avance-t-il. Les chiffres de Statistique Canada montrent que pour les francophones, pr\u00e8s du quart travaillent en anglais apr\u00e8s avoir \u00e9tudi\u00e9 dans cette langue. L\u2019enjeu touche principalement la r\u00e9gion m\u00e9tropolitaine de Montr\u00e9al, o\u00f9 se trouve la majorit\u00e9 des \u00e9tablissements offrant un enseignement en anglais.<\/p>\n<p>La p\u00e9nurie de main-d\u2019\u0153uvre dans le milieu de l\u2019enseignement soul\u00e8ve \u00e9galement le doute qu\u2019il n\u2019y ait pas assez de professeurs pour remplir les postes additionnels. Pour Guillaume St-Pierre, la loi 96 pourrait acc\u00e9l\u00e9rer une action gouvernementale vis-\u00e0-vis le manque de personnel. \u00ab Plut\u00f4t que de s\u2019en servir comme un pr\u00e9texte pour ne pas donner des cours, prenons-le \u00e0 l\u2019inverse, amenons des gens dans la profession \u00bb, propose-t-il.<\/p>\n<p>D\u2019ailleurs, la CAQ a r\u00e9cemment assoupli les conditions pour devenir enseignant.<\/p>\n","protected":false},"excerpt":{"rendered":"<p>La loi 96 marque une nouvelle \u00e8re pour les c\u00e9geps anglophones. La r\u00e9forme caquiste de la loi 101, qui vise \u00e0 prot\u00e9ger le fran\u00e7ais comme langue officielle au Qu\u00e9bec, inqui\u00e8te plusieurs futurs \u00e9tudiants depuis son entr\u00e9e en vigueur en juin 2022. Virginie Mailloux \u00c0 partir de l\u2019automne 2023, plusieurs mesures&#8230;<\/p>\n<div class=\"more-container\"><a class=\"more-link\" href=\"http:\/\/www.decmultimedia.ca\/pigeon2014\/reforme-linguistique-controversee-pour-les-cegeps-anglophones\/\" itemprop=\"url\">Continue reading<\/a><\/div>\n","protected":false},"author":1,"featured_media":6583,"comment_status":"closed","ping_status":"closed","sticky":false,"template":"","format":"standard","meta":{"footnotes":""},"categories":[69],"tags":[],"_links":{"self":[{"href":"http:\/\/www.decmultimedia.ca\/pigeon2014\/wp-json\/wp\/v2\/posts\/6553"}],"collection":[{"href":"http:\/\/www.decmultimedia.ca\/pigeon2014\/wp-json\/wp\/v2\/posts"}],"about":[{"href":"http:\/\/www.decmultimedia.ca\/pigeon2014\/wp-json\/wp\/v2\/types\/post"}],"author":[{"embeddable":true,"href":"http:\/\/www.decmultimedia.ca\/pigeon2014\/wp-json\/wp\/v2\/users\/1"}],"replies":[{"embeddable":true,"href":"http:\/\/www.decmultimedia.ca\/pigeon2014\/wp-json\/wp\/v2\/comments?post=6553"}],"version-history":[{"count":3,"href":"http:\/\/www.decmultimedia.ca\/pigeon2014\/wp-json\/wp\/v2\/posts\/6553\/revisions"}],"predecessor-version":[{"id":6680,"href":"http:\/\/www.decmultimedia.ca\/pigeon2014\/wp-json\/wp\/v2\/posts\/6553\/revisions\/6680"}],"wp:featuredmedia":[{"embeddable":true,"href":"http:\/\/www.decmultimedia.ca\/pigeon2014\/wp-json\/wp\/v2\/media\/6583"}],"wp:attachment":[{"href":"http:\/\/www.decmultimedia.ca\/pigeon2014\/wp-json\/wp\/v2\/media?parent=6553"}],"wp:term":[{"taxonomy":"category","embeddable":true,"href":"http:\/\/www.decmultimedia.ca\/pigeon2014\/wp-json\/wp\/v2\/categories?post=6553"},{"taxonomy":"post_tag","embeddable":true,"href":"http:\/\/www.decmultimedia.ca\/pigeon2014\/wp-json\/wp\/v2\/tags?post=6553"}],"curies":[{"name":"wp","href":"https:\/\/api.w.org\/{rel}","templated":true}]}}