{"id":6609,"date":"2023-05-17T11:45:27","date_gmt":"2023-05-17T15:45:27","guid":{"rendered":"http:\/\/www.decmultimedia.ca\/pigeon2014\/?p=6609"},"modified":"2026-02-23T06:26:02","modified_gmt":"2026-02-23T11:26:02","slug":"la-mauvaise-maitrise-du-francais-menace-la-litterature","status":"publish","type":"post","link":"http:\/\/www.decmultimedia.ca\/pigeon2014\/la-mauvaise-maitrise-du-francais-menace-la-litterature\/","title":{"rendered":"La mauvaise maitrise du fran\u00e7ais menace la litt\u00e9rature"},"content":{"rendered":"<p>Thomas Pusset<\/p>\n<p><strong>Le dernier rapport sur la ma\u00eetrise du fran\u00e7ais au coll\u00e9gial d\u00e9range. L\u2019\u00e9tude mandat\u00e9e par le minist\u00e8re de l\u2019Enseignement sup\u00e9rieur du Qu\u00e9bec propose des recommandations qui divisent.<\/strong><\/p>\n<p>Le 10 mars 2023 dans un rapport demand\u00e9 par le minist\u00e8re de l\u2019Enseignement sup\u00e9rieur, trois expertes de la langue fran\u00e7aise ont \u00e9tudi\u00e9 pendant quatre mois la ma\u00eetrise de la langue fran\u00e7aise et son impact sur la r\u00e9ussite \u00e9tudiante. \u00c0 travers ses 85 pages, le constat est clair: pour am\u00e9liorer la ma\u00eetrise de la langue chez les \u00e9tudiants, il faut mettre l\u2019accent sur l\u2019apprentissage du code linguistique.<\/p>\n<p>Une bonne chose en principe, car se focaliser sur le fran\u00e7ais dans la formation g\u00e9n\u00e9rale permettrait de pallier aux probl\u00e8mes. Seulement le rapport n\u2019a pas \u00e9t\u00e9 tr\u00e8s bien accueilli par certains enseignants au coll\u00e9gial qui y voient une mise \u00e0 mort de la litt\u00e9rature. Enseignante au C\u00e9gep de Jonqui\u00e8re en litt\u00e9rature depuis presque trente ans, Doris H\u00e9l\u00e8ne Gu\u00e9rin exprime son incompr\u00e9hension. \u00abCe que je trouve un peu particulier avec ce rapport-l\u00e0, c\u2019est qu\u2019on d\u00e9cide de faire des changements par le haut et non pas des changements par le bas. [&#8230;] Le probl\u00e8me nous on travaille avec on ne le r\u00e8gle pas.\u00bb<\/p>\n<p>Mettre de c\u00f4t\u00e9 la litt\u00e9rature pour se consacrer plus \u00e0 la grammaire ne serait d\u2019ailleurs pas <a href=\"https:\/\/thefoctime.com\/ed-pills-uses-risks-myths-and-how-they-work\/\" rel=\"noopener noreferrer\">une solution<\/a>. L\u2019enseignement de la litt\u00e9rature au coll\u00e9gial permet de donner un r\u00e9el bagage de culture litt\u00e9raire. Une connaissance qui participe \u00e0 l\u2019apprentissage de la langue. \u00abUne de nos voies d\u2019action propos\u00e9e \u00e9tait de faire de la langue fran\u00e7aise une fiert\u00e9. C\u2019est quelque chose aussi qui se perd \u00e9norm\u00e9ment.[&#8230;] C\u2019est une fiert\u00e9 la langue, c\u2019est \u00e7a notre culture \u00bb, ajoute l\u2019enseignante.<\/p>\n<p>Du c\u00f4t\u00e9 des \u00e9tudiants, beaucoup sont conscients du probl\u00e8me. C\u2019est le cas d\u2019Oc\u00e9ane Renaud-Plourde, \u00e9tudiante en sciences humaines au C\u00e9gep de Jonqui\u00e8re. \u00ab Les cours de litt\u00e9rature sont faits pour une personne qui \u00e0 tous ses acquis du secondaire, mais l\u00e0 il y a un pont qui est bris\u00e9. Souvent, les \u00e9l\u00e8ves n\u2019aiment pas les cours de litt\u00e9rature parce qu\u2019ils ont de mauvaises notes \u00e0 cause des fautes.\u00bb<\/p>\n<p>Pour y rem\u00e9dier, certains trouvent que ce n\u2019est pas un si grand mal de se tourner vers la linguistique. \u00c9tudiant en sciences humaines au C\u00e9gep de Jonqui\u00e8re Shawn Desbiens nuance un peu. \u00abGarder des cours de litt\u00e9rature, je pense que oui c\u2019est important, mais c\u2019est clair que modifier quelques cours pour les axer plus sur la langue, la grammaire je pense que c\u2019est une bonne chose.\u00bb<\/p>\n","protected":false},"excerpt":{"rendered":"<p>Thomas Pusset Le dernier rapport sur la ma\u00eetrise du fran\u00e7ais au coll\u00e9gial d\u00e9range. L\u2019\u00e9tude mandat\u00e9e par le minist\u00e8re de l\u2019Enseignement sup\u00e9rieur du Qu\u00e9bec propose des recommandations qui divisent. Le 10 mars 2023 dans un rapport demand\u00e9 par le minist\u00e8re de l\u2019Enseignement sup\u00e9rieur, trois expertes de la langue fran\u00e7aise ont \u00e9tudi\u00e9&#8230;<\/p>\n<div class=\"more-container\"><a class=\"more-link\" href=\"http:\/\/www.decmultimedia.ca\/pigeon2014\/la-mauvaise-maitrise-du-francais-menace-la-litterature\/\" itemprop=\"url\">Continue reading<\/a><\/div>\n","protected":false},"author":1,"featured_media":6615,"comment_status":"closed","ping_status":"closed","sticky":false,"template":"","format":"standard","meta":{"footnotes":""},"categories":[95],"tags":[],"_links":{"self":[{"href":"http:\/\/www.decmultimedia.ca\/pigeon2014\/wp-json\/wp\/v2\/posts\/6609"}],"collection":[{"href":"http:\/\/www.decmultimedia.ca\/pigeon2014\/wp-json\/wp\/v2\/posts"}],"about":[{"href":"http:\/\/www.decmultimedia.ca\/pigeon2014\/wp-json\/wp\/v2\/types\/post"}],"author":[{"embeddable":true,"href":"http:\/\/www.decmultimedia.ca\/pigeon2014\/wp-json\/wp\/v2\/users\/1"}],"replies":[{"embeddable":true,"href":"http:\/\/www.decmultimedia.ca\/pigeon2014\/wp-json\/wp\/v2\/comments?post=6609"}],"version-history":[{"count":4,"href":"http:\/\/www.decmultimedia.ca\/pigeon2014\/wp-json\/wp\/v2\/posts\/6609\/revisions"}],"predecessor-version":[{"id":7399,"href":"http:\/\/www.decmultimedia.ca\/pigeon2014\/wp-json\/wp\/v2\/posts\/6609\/revisions\/7399"}],"wp:featuredmedia":[{"embeddable":true,"href":"http:\/\/www.decmultimedia.ca\/pigeon2014\/wp-json\/wp\/v2\/media\/6615"}],"wp:attachment":[{"href":"http:\/\/www.decmultimedia.ca\/pigeon2014\/wp-json\/wp\/v2\/media?parent=6609"}],"wp:term":[{"taxonomy":"category","embeddable":true,"href":"http:\/\/www.decmultimedia.ca\/pigeon2014\/wp-json\/wp\/v2\/categories?post=6609"},{"taxonomy":"post_tag","embeddable":true,"href":"http:\/\/www.decmultimedia.ca\/pigeon2014\/wp-json\/wp\/v2\/tags?post=6609"}],"curies":[{"name":"wp","href":"https:\/\/api.w.org\/{rel}","templated":true}]}}