{"id":6729,"date":"2023-11-29T09:00:12","date_gmt":"2023-11-29T14:00:12","guid":{"rendered":"http:\/\/www.decmultimedia.ca\/pigeon2014\/?p=6729"},"modified":"2023-11-29T14:15:14","modified_gmt":"2023-11-29T19:15:14","slug":"remplacants-non-qualifies-les-enseignants-mitiges","status":"publish","type":"post","link":"http:\/\/www.decmultimedia.ca\/pigeon2014\/remplacants-non-qualifies-les-enseignants-mitiges\/","title":{"rendered":"Rempla\u00e7ants non qualifi\u00e9s: les enseignants mitig\u00e9s"},"content":{"rendered":"<p><em><strong>Aur\u00e9lie Morin<\/strong><\/em><\/p>\n<p><strong>Les enseignants sont mitig\u00e9s face aux rempla\u00e7ants non-qualifi\u00e9s pour faire le m\u00e9tier d\u2019enseignants compar\u00e9s \u00e0 ceux qui ont fait les \u00e9tudes et les stages pour l\u2019exercer. Ils sont d\u2019accord qu\u2019il doit y avoir quelqu\u2019un pour enseigner aux \u00e9l\u00e8ves mais en m\u00eame temps l\u2019id\u00e9al serait qu\u2019ils soient autant exp\u00e9riment\u00e9s que tous les autres.<\/strong><\/p>\n<p>C\u2019est lors d\u2019une entrevue qu\u2019un enseignant, qui d\u00e9sire garder l\u2019anonymat, exprime que la r\u00e9action de l\u2019employeur, qui semble banaliser le travail d\u2019enseignants, a \u00e9branl\u00e9 plusieurs professeurs. \u00ab La mani\u00e8re dont le ministre a apport\u00e9 la nouvelle n\u2019aide pas, comme s\u2019il disait que \u00e7a prend seulement un adulte en charge de la classe et je trouve \u00e7a banalisant pour notre travail \u00bb, informe l\u2019enseignant. Il explique que c\u2019est cette annonce-l\u00e0 qui a moins bien pass\u00e9 aupr\u00e8s des enseignants, car ils poss\u00e8dent tous un bac et on fait des stages pour r\u00e9ussir \u00e0 bien diriger une classe, cela prend beaucoup d\u2019adaptation et ce n\u2019est pas un m\u00e9tier facile.<\/p>\n<p>Pour sa part, Charles Pinel, un rempla\u00e7ant au secondaire, ajoute que ce m\u00e9tier est bien plus dur que l\u2019on croit. Il dit lui-m\u00eame qu\u2019au commencement c\u2019\u00e9tait difficile, car il n\u2019\u00e9tait pas exp\u00e9riment\u00e9 comme tous les autres. \u00ab La partie la moins plaisante c\u2019est vraiment aupr\u00e8s des \u00e9l\u00e8ves parce qu\u2019ils savent que je ne suis pas un prof \u00e0 cause de mon \u00e9cart d\u2019\u00e2ge avec eux \u00bb, explique Charles.<\/p>\n<p>Ce dernier ajoute que leur but premier c\u2019est de pouvoir aider au meilleur de leurs connaissances les \u00e9l\u00e8ves et aussi pour aider les autres enseignants dans leur m\u00e9tier. Ce n\u2019est pas la situation id\u00e9ale en ce moment soit pour les enseignants et pour ceux non-qualifi\u00e9s.<\/p>\n<p>Selon l\u2019enseignant, avec la p\u00e9nurie de personnel , il est temps de trouver une solution qui est permanente et ce, pour ne pas nuire aux \u00e9tudes des \u00e9l\u00e8ves.<\/p>\n","protected":false},"excerpt":{"rendered":"<p>Aur\u00e9lie Morin Les enseignants sont mitig\u00e9s face aux rempla\u00e7ants non-qualifi\u00e9s pour faire le m\u00e9tier d\u2019enseignants compar\u00e9s \u00e0 ceux qui ont fait les \u00e9tudes et les stages pour l\u2019exercer. Ils sont d\u2019accord qu\u2019il doit y avoir quelqu\u2019un pour enseigner aux \u00e9l\u00e8ves mais en m\u00eame temps l\u2019id\u00e9al serait qu\u2019ils soient autant exp\u00e9riment\u00e9s&#8230;<\/p>\n<div class=\"more-container\"><a class=\"more-link\" href=\"http:\/\/www.decmultimedia.ca\/pigeon2014\/remplacants-non-qualifies-les-enseignants-mitiges\/\" itemprop=\"url\">Continue reading<\/a><\/div>\n","protected":false},"author":1,"featured_media":6732,"comment_status":"closed","ping_status":"closed","sticky":false,"template":"","format":"standard","meta":{"footnotes":""},"categories":[95,82],"tags":[],"_links":{"self":[{"href":"http:\/\/www.decmultimedia.ca\/pigeon2014\/wp-json\/wp\/v2\/posts\/6729"}],"collection":[{"href":"http:\/\/www.decmultimedia.ca\/pigeon2014\/wp-json\/wp\/v2\/posts"}],"about":[{"href":"http:\/\/www.decmultimedia.ca\/pigeon2014\/wp-json\/wp\/v2\/types\/post"}],"author":[{"embeddable":true,"href":"http:\/\/www.decmultimedia.ca\/pigeon2014\/wp-json\/wp\/v2\/users\/1"}],"replies":[{"embeddable":true,"href":"http:\/\/www.decmultimedia.ca\/pigeon2014\/wp-json\/wp\/v2\/comments?post=6729"}],"version-history":[{"count":2,"href":"http:\/\/www.decmultimedia.ca\/pigeon2014\/wp-json\/wp\/v2\/posts\/6729\/revisions"}],"predecessor-version":[{"id":6827,"href":"http:\/\/www.decmultimedia.ca\/pigeon2014\/wp-json\/wp\/v2\/posts\/6729\/revisions\/6827"}],"wp:featuredmedia":[{"embeddable":true,"href":"http:\/\/www.decmultimedia.ca\/pigeon2014\/wp-json\/wp\/v2\/media\/6732"}],"wp:attachment":[{"href":"http:\/\/www.decmultimedia.ca\/pigeon2014\/wp-json\/wp\/v2\/media?parent=6729"}],"wp:term":[{"taxonomy":"category","embeddable":true,"href":"http:\/\/www.decmultimedia.ca\/pigeon2014\/wp-json\/wp\/v2\/categories?post=6729"},{"taxonomy":"post_tag","embeddable":true,"href":"http:\/\/www.decmultimedia.ca\/pigeon2014\/wp-json\/wp\/v2\/tags?post=6729"}],"curies":[{"name":"wp","href":"https:\/\/api.w.org\/{rel}","templated":true}]}}