{"id":6730,"date":"2023-11-29T09:14:25","date_gmt":"2023-11-29T14:14:25","guid":{"rendered":"http:\/\/www.decmultimedia.ca\/pigeon2014\/?p=6730"},"modified":"2023-11-29T14:17:56","modified_gmt":"2023-11-29T19:17:56","slug":"lhistoire-du-vieux-couvent-de-saint-prime","status":"publish","type":"post","link":"http:\/\/www.decmultimedia.ca\/pigeon2014\/lhistoire-du-vieux-couvent-de-saint-prime\/","title":{"rendered":"L\u2019histoire du Vieux-Couvent de Saint-Prime"},"content":{"rendered":"<p><strong><em>Charlotte Lapierre\u00a0<\/em><\/strong><\/p>\n<p><strong>Cr\u00e9\u00e9 en d\u00e9cembre 2000 par No\u00ebl Fortin, le Vieux-Couvent de Saint-Prime est aujourd\u2019hui une salle de spectacle renomm\u00e9e dans la r\u00e9gion du Saguenay-Lac-Saint-Jean. Apr\u00e8s beaucoup d\u2019efforts, cette b\u00e2tisse qui servait autrefois \u00e0 accueillir des s\u0153urs et des \u00e9l\u00e8ves a \u00e9t\u00e9 transform\u00e9e en celle qu\u2019on connait aujourd\u2019hui.<\/strong><\/p>\n<p>M. Fortin raconte en entrevue que le Vieux-Couvent \u00e9tait autrefois une demeure pour les religieuses et est ensuite devenu une \u00e9cole. Une fois ferm\u00e9e, la b\u00e2tisse \u00e9tait plut\u00f4t d\u00e9serte, sauf pour une pi\u00e8ce de th\u00e9\u00e2tre mais celle-ci jouait seulement une fois par ann\u00e9e. La municipalit\u00e9 a m\u00eame pens\u00e9 \u00e0 la d\u00e9molir, jusqu\u2019\u00e0 ce qu\u2019elle demande \u00e0 M. Fortin de faire revivre l\u2019endroit.<\/p>\n<p>Les profits de la pi\u00e8ce ont permis un premier financement pour la r\u00e9novation du couvent, mais il y avait aussi d\u2019autres commanditaires comme la municipalit\u00e9 de Saint-Prime et Hydro-Qu\u00e9bec qui finan\u00e7aient le projet. Pour ce qui en est des artistes, No\u00ebl Fortin \u00e9tait la personne parfaite \u00e0 contacter pour la r\u00e9alisation du projet \u00e9tant donn\u00e9 qu\u2019il a d\u00e9j\u00e0 beaucoup de contacts dans ses proches et qu\u2019il a travaill\u00e9 au Festival Western de Dolbeau o\u00f9 il devait aussi contacter des artistes pour les spectacles.<\/p>\n<p>Aujourd\u2019hui, ce sont toujours les b\u00e9n\u00e9voles qui permettent \u00e0 la salle de survivre. Selon Caroline Lavoie, qui s\u2019implique beaucoup, il y a vraiment un lien d\u2019amiti\u00e9 entre les b\u00e9n\u00e9voles et en tant que quelqu\u2019un qui adore la musique, elle aime savoir qu\u2019elle aide ce domaine. Les artistes appr\u00e9cient aussi beaucoup la ville et la salle de spectacle car ils se sentent tr\u00e8s bien accueillis.<\/p>\n<p>\u00ab Les artistes aiment \u00e7a venir dans le monde ordinaire, venir rencontrer du monde chez eux. Je me souviens de Thomas Fersen, un Fran\u00e7ais, quand il est venu, il voulait \u00eatre re\u00e7u chez nous et manger de la soupe aux gourganes, de la tourti\u00e8re et des tartes aux bleuets , \u00a0raconte M. Fortin, qui est lui-m\u00eame un artiste. C\u2019est pourquoi il s\u2019assure toujours de bien recevoir ses artistes et de les inviter \u00e0 passer une m\u00e9morable soir\u00e9e dans son fameux garage apr\u00e8s les spectacles.<\/p>\n","protected":false},"excerpt":{"rendered":"<p>Charlotte Lapierre\u00a0 Cr\u00e9\u00e9 en d\u00e9cembre 2000 par No\u00ebl Fortin, le Vieux-Couvent de Saint-Prime est aujourd\u2019hui une salle de spectacle renomm\u00e9e dans la r\u00e9gion du Saguenay-Lac-Saint-Jean. Apr\u00e8s beaucoup d\u2019efforts, cette b\u00e2tisse qui servait autrefois \u00e0 accueillir des s\u0153urs et des \u00e9l\u00e8ves a \u00e9t\u00e9 transform\u00e9e en celle qu\u2019on connait aujourd\u2019hui. M. Fortin&#8230;<\/p>\n<div class=\"more-container\"><a class=\"more-link\" href=\"http:\/\/www.decmultimedia.ca\/pigeon2014\/lhistoire-du-vieux-couvent-de-saint-prime\/\" itemprop=\"url\">Continue reading<\/a><\/div>\n","protected":false},"author":1,"featured_media":6735,"comment_status":"closed","ping_status":"closed","sticky":false,"template":"","format":"standard","meta":{"footnotes":""},"categories":[130,84],"tags":[],"_links":{"self":[{"href":"http:\/\/www.decmultimedia.ca\/pigeon2014\/wp-json\/wp\/v2\/posts\/6730"}],"collection":[{"href":"http:\/\/www.decmultimedia.ca\/pigeon2014\/wp-json\/wp\/v2\/posts"}],"about":[{"href":"http:\/\/www.decmultimedia.ca\/pigeon2014\/wp-json\/wp\/v2\/types\/post"}],"author":[{"embeddable":true,"href":"http:\/\/www.decmultimedia.ca\/pigeon2014\/wp-json\/wp\/v2\/users\/1"}],"replies":[{"embeddable":true,"href":"http:\/\/www.decmultimedia.ca\/pigeon2014\/wp-json\/wp\/v2\/comments?post=6730"}],"version-history":[{"count":2,"href":"http:\/\/www.decmultimedia.ca\/pigeon2014\/wp-json\/wp\/v2\/posts\/6730\/revisions"}],"predecessor-version":[{"id":6844,"href":"http:\/\/www.decmultimedia.ca\/pigeon2014\/wp-json\/wp\/v2\/posts\/6730\/revisions\/6844"}],"wp:featuredmedia":[{"embeddable":true,"href":"http:\/\/www.decmultimedia.ca\/pigeon2014\/wp-json\/wp\/v2\/media\/6735"}],"wp:attachment":[{"href":"http:\/\/www.decmultimedia.ca\/pigeon2014\/wp-json\/wp\/v2\/media?parent=6730"}],"wp:term":[{"taxonomy":"category","embeddable":true,"href":"http:\/\/www.decmultimedia.ca\/pigeon2014\/wp-json\/wp\/v2\/categories?post=6730"},{"taxonomy":"post_tag","embeddable":true,"href":"http:\/\/www.decmultimedia.ca\/pigeon2014\/wp-json\/wp\/v2\/tags?post=6730"}],"curies":[{"name":"wp","href":"https:\/\/api.w.org\/{rel}","templated":true}]}}