{"id":6746,"date":"2023-11-29T08:43:41","date_gmt":"2023-11-29T13:43:41","guid":{"rendered":"http:\/\/www.decmultimedia.ca\/pigeon2014\/?p=6746"},"modified":"2023-11-29T14:17:13","modified_gmt":"2023-11-29T19:17:13","slug":"maman-tu-es-mon-service-essentiel","status":"publish","type":"post","link":"http:\/\/www.decmultimedia.ca\/pigeon2014\/maman-tu-es-mon-service-essentiel\/","title":{"rendered":"\u00ab Maman, tu es mon service essentiel ! \u00bb \u00a0\u00a0\u00a0\u00a0\u00a0\u00a0"},"content":{"rendered":"<p><strong><em>L\u00e9a Morin-Letort<\/em><\/strong><\/p>\n<p><strong>La solitude ressentie pendant les confinements de la COVID-19 a \u00e9t\u00e9 majeure pour deux mamans. Ann Marie Desch\u00eanes-Audet et St\u00e9phanie Pilote, r\u00e9sidentes de la r\u00e9gion du Saguenay-Lac-Saint-Jean, font le bilan de cette p\u00e9riode.<\/strong><\/p>\n<p>\u00ab Devenir maman c\u2019est d\u00e9j\u00e0 stressant alors accoucher de son premier enfant au d\u00e9but du confinement, c\u2019\u00e9tait vraiment compliqu\u00e9 \u00bb, explique Ann Marie, 33 ans. En mars 2020, elle a donn\u00e9 naissance \u00e0 son fils Malik. Elle nomme la frustration de ne pas avoir pu pr\u00e9senter son enfant \u00e0 son entourage.<\/p>\n<p>Le risque de transmission du virus obligeait tout le monde \u00e0 rester chez soi. Les deux jeunes femmes craignaient que leurs enfants contractent la COVID-19 parce que cette infection respiratoire \u00e9tait m\u00e9connue.<\/p>\n<p>St\u00e9phanie, 30 ans, d\u00e9crit sa difficult\u00e9 lorsqu\u2019elle a d\u00fb garder sa fille a\u00een\u00e9e Olivia, \u00e2g\u00e9e de 9 mois, \u00e0 la maison. \u00ab J\u2019avais h\u00e2te de retourner au travail, de me sentir valoris\u00e9e, importante, une personne \u00e0 part enti\u00e8re qui a d\u2019autres relations sociales et fonctions que celles d\u2019\u00eatre maman \u00bb, s\u2019exclame-t-elle. Elle s\u2019y \u00e9tait pr\u00e9par\u00e9e et sa fille venait de vivre une semaine d\u2019int\u00e9gration en garderie. En mars 2020, les garderies ont ferm\u00e9 \u00e0 cause de la COVID-19 et Olivia est rest\u00e9e \u00e0 la maison avec ses parents. Lorsque cette derni\u00e8re a eu un an, sa r\u00e9int\u00e9gration \u00e9tait plus complexe. \u00ab Ma fille a\u00een\u00e9e est moins sociable que sa petite s\u0153ur. Elle nous r\u00e9clame davantage d\u2019attention, peut-\u00eatre que c\u2019est li\u00e9 au confinement ou bien c\u2019est simplement sa personnalit\u00e9 \u00bb, constate St\u00e9phanie.<\/p>\n<p>Le bilan des deux mamans comporte aussi des aspects positifs. \u00ab J\u2019ai ador\u00e9 la semaine que j\u2019ai v\u00e9cue avec mon chum et mon b\u00e9b\u00e9 \u00e0 dormir tous les trois dans notre petite cabane fabriqu\u00e9e dans le salon \u00bb, se souvient Ann Marie. La proximit\u00e9 avec leur conjoint et enfant a \u00e9t\u00e9 renforc\u00e9e. Mais le lien entre petits-enfants et grands-parents \u00e9tait difficilement possible \u00e0 cause de la distance physique. Un autre avantage selon St\u00e9phanie est qu\u2019une fois le confinement lev\u00e9, les adultes ont davantage respect\u00e9 cette distanciation sociale. La mani\u00e8re de dire bonjour sans faire une bise sur le visage des enfants est b\u00e9n\u00e9fique pour ceux qui n\u2019aiment pas \u00ab recevoir un bec de leurs matantes. \u00bb<\/p>\n","protected":false},"excerpt":{"rendered":"<p>L\u00e9a Morin-Letort La solitude ressentie pendant les confinements de la COVID-19 a \u00e9t\u00e9 majeure pour deux mamans. Ann Marie Desch\u00eanes-Audet et St\u00e9phanie Pilote, r\u00e9sidentes de la r\u00e9gion du Saguenay-Lac-Saint-Jean, font le bilan de cette p\u00e9riode. \u00ab Devenir maman c\u2019est d\u00e9j\u00e0 stressant alors accoucher de son premier enfant au d\u00e9but du&#8230;<\/p>\n<div class=\"more-container\"><a class=\"more-link\" href=\"http:\/\/www.decmultimedia.ca\/pigeon2014\/maman-tu-es-mon-service-essentiel\/\" itemprop=\"url\">Continue reading<\/a><\/div>\n","protected":false},"author":1,"featured_media":6757,"comment_status":"closed","ping_status":"closed","sticky":false,"template":"","format":"standard","meta":{"footnotes":""},"categories":[95,82],"tags":[20],"_links":{"self":[{"href":"http:\/\/www.decmultimedia.ca\/pigeon2014\/wp-json\/wp\/v2\/posts\/6746"}],"collection":[{"href":"http:\/\/www.decmultimedia.ca\/pigeon2014\/wp-json\/wp\/v2\/posts"}],"about":[{"href":"http:\/\/www.decmultimedia.ca\/pigeon2014\/wp-json\/wp\/v2\/types\/post"}],"author":[{"embeddable":true,"href":"http:\/\/www.decmultimedia.ca\/pigeon2014\/wp-json\/wp\/v2\/users\/1"}],"replies":[{"embeddable":true,"href":"http:\/\/www.decmultimedia.ca\/pigeon2014\/wp-json\/wp\/v2\/comments?post=6746"}],"version-history":[{"count":1,"href":"http:\/\/www.decmultimedia.ca\/pigeon2014\/wp-json\/wp\/v2\/posts\/6746\/revisions"}],"predecessor-version":[{"id":6758,"href":"http:\/\/www.decmultimedia.ca\/pigeon2014\/wp-json\/wp\/v2\/posts\/6746\/revisions\/6758"}],"wp:featuredmedia":[{"embeddable":true,"href":"http:\/\/www.decmultimedia.ca\/pigeon2014\/wp-json\/wp\/v2\/media\/6757"}],"wp:attachment":[{"href":"http:\/\/www.decmultimedia.ca\/pigeon2014\/wp-json\/wp\/v2\/media?parent=6746"}],"wp:term":[{"taxonomy":"category","embeddable":true,"href":"http:\/\/www.decmultimedia.ca\/pigeon2014\/wp-json\/wp\/v2\/categories?post=6746"},{"taxonomy":"post_tag","embeddable":true,"href":"http:\/\/www.decmultimedia.ca\/pigeon2014\/wp-json\/wp\/v2\/tags?post=6746"}],"curies":[{"name":"wp","href":"https:\/\/api.w.org\/{rel}","templated":true}]}}