{"id":6767,"date":"2023-11-29T08:43:00","date_gmt":"2023-11-29T13:43:00","guid":{"rendered":"http:\/\/www.decmultimedia.ca\/pigeon2014\/?p=6767"},"modified":"2023-11-29T14:17:25","modified_gmt":"2023-11-29T19:17:25","slug":"litinerance-en-region-rurale-une-nouvelle-realite","status":"publish","type":"post","link":"http:\/\/www.decmultimedia.ca\/pigeon2014\/litinerance-en-region-rurale-une-nouvelle-realite\/","title":{"rendered":"L\u2019itin\u00e9rance en r\u00e9gion rurale\u00a0: une nouvelle r\u00e9alit\u00e9"},"content":{"rendered":"<p><strong><em>Audrey-Ann Durand\u00a0<\/em><\/strong><\/p>\n<p><strong>L\u2019augmentation de l&rsquo;itin\u00e9rance dans les r\u00e9gions rurales requiert une grande capacit\u00e9 d\u2019adaptation pour les diff\u00e9rents organismes en place. I<\/strong><strong>ntervenant social au Lac-Saint-Jean Est, <\/strong><strong>\u00c9lie Fortin-Otis est bien conscient de cette nouvelle r\u00e9alit\u00e9.<\/strong><\/p>\n<p>En octobre 2022, on d\u00e9nombrait 231 personnes en situation d&rsquo;itin\u00e9rance visible au Saguenay-Lac-Saint-Jean. \u00c0 la suite de sa participation \u00e0 une table de concertation avec la Table de lutte \u00e0 la pauvret\u00e9 Lac-Saint-Jean Est, \u00c9lie Fortin-Otis retient que \u00ab\u00a0ce qui a \u00e9t\u00e9 r\u00e9pertori\u00e9, c\u2019est qu\u2019il y a beaucoup d\u2019organismes qui vivent cette r\u00e9alit\u00e9-l\u00e0 nouvellement, donc qui n&rsquo;avaient pas de client\u00e8le qui \u00e9taient en situation d&rsquo;itin\u00e9rance \u00bb.<\/p>\n<p>Au Lac-Saint-Jean Est, on assiste maintenant \u00e0 de plus en plus d\u2019errance en dehors des heures d\u2019ouverture des organismes communautaires, et \u00e0 la construction de campements de fortune sur les terrains des organismes.<\/p>\n<p>Il y a quelques ann\u00e9es, les personnes en situation d\u2019itin\u00e9rance dans les r\u00e9gions rurales \u00e9taient beaucoup moins nombreuses et moins visibles. \u00ab L\u00e0 avec l\u2019augmentation, on a vraiment plus de gens qui vivent dans la rue. Plus il y a de gens dans la rue, plus les gens se pilent sur les pieds, plus il y a de l\u2019agressivit\u00e9 et de la fatigue \u00bb, explique \u00c9lie Fortin-Otis.<\/p>\n<p>Cette agressivit\u00e9 se fait aussi sentir par les intervenants au moment de dispenser des services, alors qu\u2019ils se voient de plus en plus souvent oblig\u00e9s de d\u00e9samorcer des conflits entre les usagers. Les organismes doivent donc s\u2019adapter afin de r\u00e9pondre aux besoins de cette nouvelle client\u00e8le, ce qui est une t\u00e2che complexe \u00e0 plusieurs \u00e9gards.<\/p>\n<p>Certaines solutions ont d\u00e9j\u00e0 \u00e9t\u00e9 mises en place, telles que l\u2019ouverture imminente de nouveaux points de services \u00e0 Roberval et Alma par la Maison d\u2019accueil pour sans-abri de Chicoutimi. Dans l\u2019imm\u00e9diat, le besoin de d\u00e9velopper des points de services, des haltes chaleur et des refuges dans les r\u00e9gions rurales est assez criant, mais la solution ultime reste, selon \u00c9lie Fortin-Otis, la construction de logement sociaux.<\/p>\n","protected":false},"excerpt":{"rendered":"<p>Audrey-Ann Durand\u00a0 L\u2019augmentation de l&rsquo;itin\u00e9rance dans les r\u00e9gions rurales requiert une grande capacit\u00e9 d\u2019adaptation pour les diff\u00e9rents organismes en place. Intervenant social au Lac-Saint-Jean Est, \u00c9lie Fortin-Otis est bien conscient de cette nouvelle r\u00e9alit\u00e9. En octobre 2022, on d\u00e9nombrait 231 personnes en situation d&rsquo;itin\u00e9rance visible au Saguenay-Lac-Saint-Jean. \u00c0 la suite&#8230;<\/p>\n<div class=\"more-container\"><a class=\"more-link\" href=\"http:\/\/www.decmultimedia.ca\/pigeon2014\/litinerance-en-region-rurale-une-nouvelle-realite\/\" itemprop=\"url\">Continue reading<\/a><\/div>\n","protected":false},"author":1,"featured_media":6781,"comment_status":"closed","ping_status":"closed","sticky":false,"template":"","format":"standard","meta":{"footnotes":""},"categories":[95,82],"tags":[],"_links":{"self":[{"href":"http:\/\/www.decmultimedia.ca\/pigeon2014\/wp-json\/wp\/v2\/posts\/6767"}],"collection":[{"href":"http:\/\/www.decmultimedia.ca\/pigeon2014\/wp-json\/wp\/v2\/posts"}],"about":[{"href":"http:\/\/www.decmultimedia.ca\/pigeon2014\/wp-json\/wp\/v2\/types\/post"}],"author":[{"embeddable":true,"href":"http:\/\/www.decmultimedia.ca\/pigeon2014\/wp-json\/wp\/v2\/users\/1"}],"replies":[{"embeddable":true,"href":"http:\/\/www.decmultimedia.ca\/pigeon2014\/wp-json\/wp\/v2\/comments?post=6767"}],"version-history":[{"count":2,"href":"http:\/\/www.decmultimedia.ca\/pigeon2014\/wp-json\/wp\/v2\/posts\/6767\/revisions"}],"predecessor-version":[{"id":6774,"href":"http:\/\/www.decmultimedia.ca\/pigeon2014\/wp-json\/wp\/v2\/posts\/6767\/revisions\/6774"}],"wp:featuredmedia":[{"embeddable":true,"href":"http:\/\/www.decmultimedia.ca\/pigeon2014\/wp-json\/wp\/v2\/media\/6781"}],"wp:attachment":[{"href":"http:\/\/www.decmultimedia.ca\/pigeon2014\/wp-json\/wp\/v2\/media?parent=6767"}],"wp:term":[{"taxonomy":"category","embeddable":true,"href":"http:\/\/www.decmultimedia.ca\/pigeon2014\/wp-json\/wp\/v2\/categories?post=6767"},{"taxonomy":"post_tag","embeddable":true,"href":"http:\/\/www.decmultimedia.ca\/pigeon2014\/wp-json\/wp\/v2\/tags?post=6767"}],"curies":[{"name":"wp","href":"https:\/\/api.w.org\/{rel}","templated":true}]}}