{"id":6775,"date":"2023-11-29T08:38:39","date_gmt":"2023-11-29T13:38:39","guid":{"rendered":"http:\/\/www.decmultimedia.ca\/pigeon2014\/?p=6775"},"modified":"2023-11-29T14:20:00","modified_gmt":"2023-11-29T19:20:00","slug":"loi-15-un-retour-en-arriere","status":"publish","type":"post","link":"http:\/\/www.decmultimedia.ca\/pigeon2014\/loi-15-un-retour-en-arriere\/","title":{"rendered":"Loi 15\u00a0: un retour en arri\u00e8re"},"content":{"rendered":"<p><em><strong>Charles Pinel<\/strong><\/em><\/p>\n<p><strong>\u00ab Je trouve que c\u2019est un retour en arri\u00e8re. J\u2019ai l\u2019impression qu\u2019on retourne vraiment \u00e0 oublier qu\u2019on travaille avec des humains. \u00bb Voil\u00e0 les commentaires de Pascale B\u00e9langer, infirmi\u00e8re depuis 25 ans, au sujet de la r\u00e9forme du syst\u00e8me de sant\u00e9 du ministre Christian Dub\u00e9.<\/strong><\/p>\n<p>Parmi les mesures principales propos\u00e9es par cette r\u00e9forme, pr\u00e9sent\u00e9e dans le projet de loi 15, on retrouve la cr\u00e9ation de la soci\u00e9t\u00e9 d\u2019\u00c9tat Sant\u00e9 Qu\u00e9bec, qui deviendrait l\u2019unique employeur des travailleurs du syst\u00e8me. Cette soci\u00e9t\u00e9 se verrait attribuer la t\u00e2che d\u2019offrir les diff\u00e9rents services de sant\u00e9 en passant par les \u00e9tablissements publics, en plus de coordonner les activit\u00e9s des centres priv\u00e9s.<\/p>\n<p>Mme B\u00e9langer, qui \u0153uvre \u00e0 l\u2019h\u00f4pital de la Cit\u00e9-de-la-Sant\u00e9 (Laval) depuis maintenant 15 ans, craint les effets que peuvent avoir un retour \u00e0 la centralisation du syst\u00e8me de sant\u00e9. Parmi ses inqui\u00e9tudes, on retrouve la perte du caract\u00e8re unique des \u00e9tablissements, ce qui fait \u00e9cho aux pr\u00e9occupations soulev\u00e9es par six anciens premiers ministres, dans une lettre adress\u00e9e \u00e0 Fran\u00e7ois Legault, \u00e0 la fin octobre.<\/p>\n<p>Autre nouveaut\u00e9 avec la cr\u00e9ation de Sant\u00e9 Qu\u00e9bec, les employ\u00e9s conserveraient leur anciennet\u00e9 \u00e0 la grandeur du Qu\u00e9bec, et non plus seulement au sein des CISSS ou des CIUSSS qui les emploient. Cette mesure a pour but de conserver les travailleurs du syst\u00e8me de sant\u00e9 qui consid\u00e8rent changer de r\u00e9gion, en plus d\u2019attirer de nouveaux salari\u00e9s. M\u00eame si Mme B\u00e9langer salue cette intention, elle croit toutefois que ce changement de r\u00e9glementation peut engendrer des effets tout autant n\u00e9gatifs, notamment l\u2019exode des employ\u00e9s. \u00ab Est-ce qu\u2019on va en garder? Peut-\u00eatre. Mais il va y avoir des centres qui vont \u00eatre plus d\u00e9munis que d\u2019autres. \u00bb<\/p>\n<p>Interrog\u00e9e au sujet des am\u00e9liorations que pourrait apporter M. Dub\u00e9 \u00e0 sa r\u00e9forme, Mme B\u00e9langer n\u2019a qu\u2019un seul message pour le ministre\u00a0: \u00ab Venez voir comment \u00e7a se passe sur le plancher. \u00c9coutez un peu ce qui se passe\u00a0\u2018\u2019en bas\u2019\u2019. \u00bb<\/p>\n","protected":false},"excerpt":{"rendered":"<p>Charles Pinel \u00ab Je trouve que c\u2019est un retour en arri\u00e8re. J\u2019ai l\u2019impression qu\u2019on retourne vraiment \u00e0 oublier qu\u2019on travaille avec des humains. \u00bb Voil\u00e0 les commentaires de Pascale B\u00e9langer, infirmi\u00e8re depuis 25 ans, au sujet de la r\u00e9forme du syst\u00e8me de sant\u00e9 du ministre Christian Dub\u00e9. Parmi les mesures&#8230;<\/p>\n<div class=\"more-container\"><a class=\"more-link\" href=\"http:\/\/www.decmultimedia.ca\/pigeon2014\/loi-15-un-retour-en-arriere\/\" itemprop=\"url\">Continue reading<\/a><\/div>\n","protected":false},"author":1,"featured_media":6778,"comment_status":"closed","ping_status":"closed","sticky":false,"template":"","format":"standard","meta":{"footnotes":""},"categories":[95,82],"tags":[],"_links":{"self":[{"href":"http:\/\/www.decmultimedia.ca\/pigeon2014\/wp-json\/wp\/v2\/posts\/6775"}],"collection":[{"href":"http:\/\/www.decmultimedia.ca\/pigeon2014\/wp-json\/wp\/v2\/posts"}],"about":[{"href":"http:\/\/www.decmultimedia.ca\/pigeon2014\/wp-json\/wp\/v2\/types\/post"}],"author":[{"embeddable":true,"href":"http:\/\/www.decmultimedia.ca\/pigeon2014\/wp-json\/wp\/v2\/users\/1"}],"replies":[{"embeddable":true,"href":"http:\/\/www.decmultimedia.ca\/pigeon2014\/wp-json\/wp\/v2\/comments?post=6775"}],"version-history":[{"count":1,"href":"http:\/\/www.decmultimedia.ca\/pigeon2014\/wp-json\/wp\/v2\/posts\/6775\/revisions"}],"predecessor-version":[{"id":6779,"href":"http:\/\/www.decmultimedia.ca\/pigeon2014\/wp-json\/wp\/v2\/posts\/6775\/revisions\/6779"}],"wp:featuredmedia":[{"embeddable":true,"href":"http:\/\/www.decmultimedia.ca\/pigeon2014\/wp-json\/wp\/v2\/media\/6778"}],"wp:attachment":[{"href":"http:\/\/www.decmultimedia.ca\/pigeon2014\/wp-json\/wp\/v2\/media?parent=6775"}],"wp:term":[{"taxonomy":"category","embeddable":true,"href":"http:\/\/www.decmultimedia.ca\/pigeon2014\/wp-json\/wp\/v2\/categories?post=6775"},{"taxonomy":"post_tag","embeddable":true,"href":"http:\/\/www.decmultimedia.ca\/pigeon2014\/wp-json\/wp\/v2\/tags?post=6775"}],"curies":[{"name":"wp","href":"https:\/\/api.w.org\/{rel}","templated":true}]}}