{"id":6882,"date":"2023-11-29T11:00:04","date_gmt":"2023-11-29T16:00:04","guid":{"rendered":"http:\/\/www.decmultimedia.ca\/pigeon2014\/?p=6882"},"modified":"2023-11-29T14:11:00","modified_gmt":"2023-11-29T19:11:00","slug":"soleil-natal-un-livre-ensoleille","status":"publish","type":"post","link":"http:\/\/www.decmultimedia.ca\/pigeon2014\/soleil-natal-un-livre-ensoleille\/","title":{"rendered":"Soleil Natal, un livre ensoleill\u00e9"},"content":{"rendered":"<p><em><strong>F\u00e9lix Cormier<\/strong><\/em><\/p>\n<p><b><span data-contrast=\"auto\">Un essai philosophique sur l\u2019appartenance \u00e0 la culture qu\u00e9b\u00e9coise peut sembler effrayant et complexe. Pourtant, Matthieu Poulin-Goyer, professeur en philosophie au C\u00c9GEP de Sept-\u00celes prouve le contraire en publiant <\/span><\/b><b><span data-contrast=\"auto\">\u00abSoleil Natal\u00bb.<\/span><\/b><span data-ccp-props=\"{&quot;201341983&quot;:0,&quot;335551550&quot;:6,&quot;335551620&quot;:6,&quot;335559740&quot;:276}\">\u00a0<\/span><\/p>\n<p><span data-contrast=\"auto\">C\u2019est en 2011 que Mr Poulin-Goyer, encore \u00e0 l&rsquo;universit\u00e9, se pose une simple question qui lui jouera dans la t\u00eate pendant plus de 10 ans. S&rsquo;ensuivent alors des ann\u00e9es de recherches et de questionnement sur son identit\u00e9 en tant que Qu\u00e9b\u00e9cois sur cette honte qui les ronge depuis des d\u00e9cennies. C\u2019est la phrase de l&rsquo;actrice Pol Pelletier durant le mouvement Nous? en 2012 qui lui donne enfin une direction.<\/span><span data-ccp-props=\"{&quot;201341983&quot;:0,&quot;335551550&quot;:6,&quot;335551620&quot;:6,&quot;335559740&quot;:276}\">\u00a0<\/span><\/p>\n<p><b><span data-contrast=\"auto\">\u00ab Ce qui caract\u00e9rise le peuple qu\u00e9b\u00e9cois, c\u2019est la honte. \u00bb<\/span><\/b><span data-ccp-props=\"{&quot;201341983&quot;:0,&quot;335551550&quot;:6,&quot;335551620&quot;:6,&quot;335559740&quot;:276}\">\u00a0<\/span><\/p>\n<p><span data-contrast=\"auto\">-Pol Pelletier<\/span><span data-ccp-props=\"{&quot;201341983&quot;:0,&quot;335551550&quot;:6,&quot;335551620&quot;:6,&quot;335559740&quot;:276}\">\u00a0<\/span><\/p>\n<p><span data-ccp-props=\"{&quot;201341983&quot;:0,&quot;335551550&quot;:6,&quot;335551620&quot;:6,&quot;335559740&quot;:276}\">\u00a0<\/span><span data-contrast=\"auto\">Dans ce livre, il aborde plusieurs aspects forts qui caract\u00e9risent le Qu\u00e9bec comme la honte, la douleur, les traumatismes. L\u2019ouvrage fait \u00e9galement plusieurs parall\u00e8les int\u00e9ressants comme la f\u00e9minit\u00e9, la mort, la vie avec les diff\u00e9rents \u00e9v\u00e9nements qui ont forg\u00e9 le Qu\u00e9bec: la colonisation, les patriotes ou encore les 2 r\u00e9f\u00e9rendums.<\/span><span data-ccp-props=\"{&quot;201341983&quot;:0,&quot;335551550&quot;:6,&quot;335551620&quot;:6,&quot;335559740&quot;:276}\">\u00a0<\/span><\/p>\n<p><span data-contrast=\"auto\">Dix ans plus tard, cette phrase r\u00e9sonne toujours dans le c\u0153ur de l\u2019enseignant qui publie enfin son \u0153uvre aux \u00c9ditions Pers\u00e9e. Apr\u00e8s plusieurs refus dans des maisons d\u2019\u00e9ditions locales, c\u2019est finalement un \u00e9diteur europ\u00e9en qui accepte son ouvrage. Soleil Natal sera disponible sur commande en ligne d\u00e8s d\u00e9cembre et en librairie en janvier 2024.\u00a0<\/span><span data-ccp-props=\"{&quot;201341983&quot;:0,&quot;335551550&quot;:6,&quot;335551620&quot;:6,&quot;335559740&quot;:276}\">\u00a0<\/span><span data-ccp-props=\"{&quot;201341983&quot;:0,&quot;335551550&quot;:6,&quot;335551620&quot;:6,&quot;335559740&quot;:276}\">\u00a0<\/span><\/p>\n<p><span data-contrast=\"auto\">Les premiers retours sont tr\u00e8s positifs et l\u2019auteur partage qu\u2019il est \u00e9tonn\u00e9 que des gens de toutes les tranches d&rsquo;\u00e2ges s&rsquo;int\u00e9ressent \u00e0 ses \u00e9crits. Des personnes de 16 \u00e0 19 ans, m\u00eame de 20 \u00e0 30 ans sont curieux et se penchent vers ce livre qui n\u00e9cessite que peu de bases en philosophie et reste tr\u00e8s accessible a n\u2019importe quel public. Reste encore une grande proportion de la population ont encore une difficult\u00e9 \u00e0 s&rsquo;attacher \u00e0 notre culture. Mr Poulin-Goyer \u00e9voque alors cette fameuse honte, un malaise qui habite un grand nombre de qu\u00e9b\u00e9cois.<\/span><span data-ccp-props=\"{&quot;201341983&quot;:0,&quot;335551550&quot;:6,&quot;335551620&quot;:6,&quot;335559740&quot;:276}\">\u00a0<\/span><\/p>\n<p><b><span data-contrast=\"auto\">\u00a0\u00ab Pourquoi crois-tu avoir un malaise ? Creuse ces sentiments sans avoir honte d\u2019avoir honte. Le fait de s\u2019opposer \u00e0 des classiques alimente la cr\u00e9ativit\u00e9, quitte \u00e0 ne pas \u00eatre d&rsquo;accord et cr\u00e9er autre chose\u00bb,<\/span><\/b><span data-contrast=\"auto\"> &#8211; Matthieu Poulin-Goyer.<\/span><span data-ccp-props=\"{&quot;201341983&quot;:0,&quot;335551550&quot;:6,&quot;335551620&quot;:6,&quot;335559740&quot;:276}\">\u00a0<\/span><\/p>\n","protected":false},"excerpt":{"rendered":"<p>F\u00e9lix Cormier Un essai philosophique sur l\u2019appartenance \u00e0 la culture qu\u00e9b\u00e9coise peut sembler effrayant et complexe. Pourtant, Matthieu Poulin-Goyer, professeur en philosophie au C\u00c9GEP de Sept-\u00celes prouve le contraire en publiant \u00abSoleil Natal\u00bb.\u00a0 C\u2019est en 2011 que Mr Poulin-Goyer, encore \u00e0 l&rsquo;universit\u00e9, se pose une simple question qui lui jouera&#8230;<\/p>\n<div class=\"more-container\"><a class=\"more-link\" href=\"http:\/\/www.decmultimedia.ca\/pigeon2014\/soleil-natal-un-livre-ensoleille\/\" itemprop=\"url\">Continue reading<\/a><\/div>\n","protected":false},"author":1,"featured_media":6887,"comment_status":"closed","ping_status":"closed","sticky":false,"template":"","format":"standard","meta":{"footnotes":""},"categories":[130,78],"tags":[],"_links":{"self":[{"href":"http:\/\/www.decmultimedia.ca\/pigeon2014\/wp-json\/wp\/v2\/posts\/6882"}],"collection":[{"href":"http:\/\/www.decmultimedia.ca\/pigeon2014\/wp-json\/wp\/v2\/posts"}],"about":[{"href":"http:\/\/www.decmultimedia.ca\/pigeon2014\/wp-json\/wp\/v2\/types\/post"}],"author":[{"embeddable":true,"href":"http:\/\/www.decmultimedia.ca\/pigeon2014\/wp-json\/wp\/v2\/users\/1"}],"replies":[{"embeddable":true,"href":"http:\/\/www.decmultimedia.ca\/pigeon2014\/wp-json\/wp\/v2\/comments?post=6882"}],"version-history":[{"count":1,"href":"http:\/\/www.decmultimedia.ca\/pigeon2014\/wp-json\/wp\/v2\/posts\/6882\/revisions"}],"predecessor-version":[{"id":6889,"href":"http:\/\/www.decmultimedia.ca\/pigeon2014\/wp-json\/wp\/v2\/posts\/6882\/revisions\/6889"}],"wp:featuredmedia":[{"embeddable":true,"href":"http:\/\/www.decmultimedia.ca\/pigeon2014\/wp-json\/wp\/v2\/media\/6887"}],"wp:attachment":[{"href":"http:\/\/www.decmultimedia.ca\/pigeon2014\/wp-json\/wp\/v2\/media?parent=6882"}],"wp:term":[{"taxonomy":"category","embeddable":true,"href":"http:\/\/www.decmultimedia.ca\/pigeon2014\/wp-json\/wp\/v2\/categories?post=6882"},{"taxonomy":"post_tag","embeddable":true,"href":"http:\/\/www.decmultimedia.ca\/pigeon2014\/wp-json\/wp\/v2\/tags?post=6882"}],"curies":[{"name":"wp","href":"https:\/\/api.w.org\/{rel}","templated":true}]}}