{"id":6898,"date":"2023-11-29T10:47:23","date_gmt":"2023-11-29T15:47:23","guid":{"rendered":"http:\/\/www.decmultimedia.ca\/pigeon2014\/?p=6898"},"modified":"2023-11-29T14:14:17","modified_gmt":"2023-11-29T19:14:17","slug":"le-court-metrage-en-vedette-au-saguenay","status":"publish","type":"post","link":"http:\/\/www.decmultimedia.ca\/pigeon2014\/le-court-metrage-en-vedette-au-saguenay\/","title":{"rendered":"Le court-m\u00e9trage en vedette au Saguenay"},"content":{"rendered":"<p><strong><em>\u00c8ve Leblond<\/em><\/strong><\/p>\n<p><strong>Le festival international du court-m\u00e9trage Regard prendra place \u00e0 nouveau en mars prochain au c\u0153ur de la ville de Saguenay. Il s\u2019agit d\u2019un \u00e9v\u00e8nement attendu des cin\u00e9astes d\u2019ici et d\u2019ailleurs qui leur ouvre bien des portes.\u00a0<\/strong><\/p>\n<p><span data-contrast=\"auto\">Regard demeure le plus grand festival destin\u00e9 aux films courts en Am\u00e9rique du Nord. Cr\u00e9\u00e9 en 1996 \u00e0 Chicoutimi, le festival accueille des cin\u00e9astes et festivaliers de la r\u00e9gion passant par la province et m\u00eame jusqu\u2019\u00e0 l\u2019international. Lors de chaque \u00e9dition, il propose environ 200 projections venant d\u2019une cinquantaine de pays dans le monde. Par ailleurs, ce qui demeure particulier avec ce festival, c\u2019est qu\u2019il se tient dans la r\u00e9gion du Saguenay. <\/span><b><span data-contrast=\"none\">\u00ab<\/span><\/b><span data-contrast=\"auto\"> Nos valeurs sont de promouvoir le cin\u00e9ma ind\u00e9pendant en r\u00e9gion<\/span><b><span data-contrast=\"none\"> \u00bb<\/span><\/b><span data-contrast=\"auto\">, mentionne la directrice des communications et du marketing pour le festival Regard Laurie Fortin. Cela permet aux cin\u00e9astes de se faire connaitre \u00e0 plus grande \u00e9chelle et ainsi se faire rep\u00e9rer telle une vitrine pour d\u2019autres festivals.\u00a0<\/span><span data-ccp-props=\"{&quot;201341983&quot;:0,&quot;335559739&quot;:160,&quot;335559740&quot;:259}\">\u00a0<\/span><\/p>\n<p><span data-contrast=\"auto\">Le fait que le festival, qui en est \u00e0 sa 28<\/span><span data-contrast=\"auto\">i\u00e8me<\/span><span data-contrast=\"auto\"> \u00e9dition, demeure en r\u00e9gion r\u00e9pond \u00e0 un sentiment de cr\u00e9ativit\u00e9 que les cin\u00e9astes ressentent lors de leur s\u00e9jour pass\u00e9 au Saguenay, explique Mme Fortin. En effet, ceux-ci se retrouvent tous dans un environnement, tel dans une bulle cr\u00e9ative, leur permettant de vivre une exp\u00e9rience non seulement professionnelle, mais aussi humaine. Il s\u2019agit de l\u2019occasion id\u00e9ale pour la cr\u00e9ation de contacts entre cin\u00e9astes, programmateurs ou potentiellement acheteurs permettant alors aux cin\u00e9astes plusieurs opportunit\u00e9s. Dans ce milieu, les contacts demeurent la cl\u00e9 pour acc\u00e9der \u00e0 plus grande \u00e9chelle. De plus, il n\u2019est gu\u00e8re impossible de toucher aux Oscars en participant \u00e0 Regard.\u00a0<\/span><span data-ccp-props=\"{&quot;201341983&quot;:0,&quot;335559739&quot;:160,&quot;335559740&quot;:259}\">\u00a0<\/span><\/p>\n<p><span data-contrast=\"auto\">Le festival Regard repr\u00e9sente non seulement une vitrine pour les cin\u00e9astes d\u2019ici, mais agit telle une porte d\u2019entr\u00e9e sur le march\u00e9 qu\u00e9b\u00e9cois pour les cin\u00e9astes d\u2019ailleurs.\u00a0 Le festival a pour effet d\u2019offrir aux internationaux des contacts et liens en m\u00e9thode de relation d\u2019affaires avec les gens du milieu qu\u00e9b\u00e9cois.<\/span><span data-ccp-props=\"{&quot;201341983&quot;:0,&quot;335559739&quot;:160,&quot;335559740&quot;:259}\">\u00a0<\/span><\/p>\n","protected":false},"excerpt":{"rendered":"<p>\u00c8ve Leblond Le festival international du court-m\u00e9trage Regard prendra place \u00e0 nouveau en mars prochain au c\u0153ur de la ville de Saguenay. Il s\u2019agit d\u2019un \u00e9v\u00e8nement attendu des cin\u00e9astes d\u2019ici et d\u2019ailleurs qui leur ouvre bien des portes.\u00a0 Regard demeure le plus grand festival destin\u00e9 aux films courts en Am\u00e9rique&#8230;<\/p>\n<div class=\"more-container\"><a class=\"more-link\" href=\"http:\/\/www.decmultimedia.ca\/pigeon2014\/le-court-metrage-en-vedette-au-saguenay\/\" itemprop=\"url\">Continue reading<\/a><\/div>\n","protected":false},"author":1,"featured_media":6911,"comment_status":"closed","ping_status":"closed","sticky":false,"template":"","format":"standard","meta":{"footnotes":""},"categories":[130,67],"tags":[],"_links":{"self":[{"href":"http:\/\/www.decmultimedia.ca\/pigeon2014\/wp-json\/wp\/v2\/posts\/6898"}],"collection":[{"href":"http:\/\/www.decmultimedia.ca\/pigeon2014\/wp-json\/wp\/v2\/posts"}],"about":[{"href":"http:\/\/www.decmultimedia.ca\/pigeon2014\/wp-json\/wp\/v2\/types\/post"}],"author":[{"embeddable":true,"href":"http:\/\/www.decmultimedia.ca\/pigeon2014\/wp-json\/wp\/v2\/users\/1"}],"replies":[{"embeddable":true,"href":"http:\/\/www.decmultimedia.ca\/pigeon2014\/wp-json\/wp\/v2\/comments?post=6898"}],"version-history":[{"count":2,"href":"http:\/\/www.decmultimedia.ca\/pigeon2014\/wp-json\/wp\/v2\/posts\/6898\/revisions"}],"predecessor-version":[{"id":6967,"href":"http:\/\/www.decmultimedia.ca\/pigeon2014\/wp-json\/wp\/v2\/posts\/6898\/revisions\/6967"}],"wp:featuredmedia":[{"embeddable":true,"href":"http:\/\/www.decmultimedia.ca\/pigeon2014\/wp-json\/wp\/v2\/media\/6911"}],"wp:attachment":[{"href":"http:\/\/www.decmultimedia.ca\/pigeon2014\/wp-json\/wp\/v2\/media?parent=6898"}],"wp:term":[{"taxonomy":"category","embeddable":true,"href":"http:\/\/www.decmultimedia.ca\/pigeon2014\/wp-json\/wp\/v2\/categories?post=6898"},{"taxonomy":"post_tag","embeddable":true,"href":"http:\/\/www.decmultimedia.ca\/pigeon2014\/wp-json\/wp\/v2\/tags?post=6898"}],"curies":[{"name":"wp","href":"https:\/\/api.w.org\/{rel}","templated":true}]}}