{"id":6919,"date":"2023-11-29T10:50:39","date_gmt":"2023-11-29T15:50:39","guid":{"rendered":"http:\/\/www.decmultimedia.ca\/pigeon2014\/?p=6919"},"modified":"2023-11-29T14:12:12","modified_gmt":"2023-11-29T19:12:12","slug":"de-grands-defis-pour-le-casse-noisette","status":"publish","type":"post","link":"http:\/\/www.decmultimedia.ca\/pigeon2014\/de-grands-defis-pour-le-casse-noisette\/","title":{"rendered":"De grands d\u00e9fis pour le Casse-Noisette"},"content":{"rendered":"<p><em><strong><span class=\"TextRun SCXW252427130 BCX8\" lang=\"FR-CA\" xml:lang=\"FR-CA\" data-contrast=\"auto\"><span class=\"NormalTextRun SCXW252427130 BCX8\">Lily-May Fournier<\/span><\/span><span class=\"EOP SCXW252427130 BCX8\" data-ccp-props=\"{&quot;201341983&quot;:0,&quot;335559740&quot;:276}\">\u00a0<\/span><\/strong><\/em><\/p>\n<p><strong>Un manque de financement ainsi que de la difficult\u00e9 \u00e0 retrouver les \u00e9quipes de production obligent le Prisme Culturel \u00e0 adapter son traditionnel ballet Casse-Noisette.\u00a0\u00a0<\/strong><\/p>\n<p><span data-contrast=\"auto\">Le ballet Casse-Noisette du Prisme Culturel est, depuis plus de 25 ans, une tradition r\u00e9gionale. Frein\u00e9 par la Covid-19 en 2020, des d\u00e9fis l\u2019ont forc\u00e9 \u00e0 s\u2019adapter. Une version \u00e9court\u00e9e remplacera donc la production habituelle.\u00a0<\/span><span data-ccp-props=\"{&quot;201341983&quot;:0,&quot;335551550&quot;:6,&quot;335551620&quot;:6,&quot;335559740&quot;:276}\">\u00a0<\/span><\/p>\n<p><span data-contrast=\"auto\">Le manque de financement et de commanditaires a constitu\u00e9 un obstacle important \u00e0 la remise sur pied du spectacle. \u00ab Certains de nos partenaires r\u00e9guliers ne pouvaient plus nous soutenir. Nous devons maintenant les convaincre de nous financer de nouveau \u00bb, dit la coordonnatrice au Prisme Culturel Annie-Pier Fortin.\u00a0<\/span><span data-ccp-props=\"{&quot;201341983&quot;:0,&quot;335551550&quot;:6,&quot;335551620&quot;:6,&quot;335559740&quot;:276}\">\u00a0<\/span><\/p>\n<p><span data-contrast=\"auto\">Reconstituer l\u2019\u00e9quipe de production a \u00e9galement \u00e9t\u00e9 un d\u00e9fi pour l\u2019\u00e9cole de danse. La plupart des employ\u00e9s avaient quitt\u00e9 le monde du spectacle durant la pand\u00e9mie. \u00ab Les b\u00e9n\u00e9voles sont de plus en plus difficiles \u00e0 trouver de nos jours \u00bb, ajoute Mme Fortin.\u00a0<\/span><span data-ccp-props=\"{&quot;201341983&quot;:0,&quot;335551550&quot;:6,&quot;335551620&quot;:6,&quot;335559740&quot;:276}\">\u00a0<\/span><\/p>\n<p><span data-contrast=\"auto\">La planification tardive du projet a forc\u00e9 l\u2019\u00e9quipe de production \u00e0 faire une version abr\u00e9g\u00e9e du ballet. \u00ab Nous avons voulu minimiser les impacts sur les danseurs en enlevant les r\u00e9p\u00e9titions de fin de semaine. La production originale n\u2019\u00e9tait donc pas envisageable \u00bb, explique Annie-Pier Fortin.\u00a0<\/span><span data-ccp-props=\"{&quot;201341983&quot;:0,&quot;335551550&quot;:6,&quot;335551620&quot;:6,&quot;335559740&quot;:276}\">\u00a0<\/span><\/p>\n<p><span data-contrast=\"auto\">La production compl\u00e8te devrait toutefois revenir dans les prochaines ann\u00e9es. \u00ab Le gros manque cette ann\u00e9e sera dans les d\u00e9cors. Notre but est d\u2019am\u00e9liorer le spectacle d\u2019ann\u00e9e en ann\u00e9e et d\u2019\u00e9ventuellement pr\u00e9senter le Casse-Noisette original \u00bb, confie la coordonnatrice.<\/span><span data-ccp-props=\"{&quot;201341983&quot;:0,&quot;335551550&quot;:6,&quot;335551620&quot;:6,&quot;335559740&quot;:276}\">\u00a0<\/span><\/p>\n<p><span data-contrast=\"auto\">Pour les danseurs, il a \u00e9t\u00e9 difficile de ne pas avoir ce projet pendant deux ans. \u00ab En plus d\u2019\u00eatre un objectif \u00e0 atteindre, le Casse-Noisette \u00e9tait une occasion de nous produire sur sc\u00e8ne et de communiquer notre passion \u00bb, mentionne Heidi Fortin, danseuse dans le programme art-\u00e9tudes.<\/span><span data-ccp-props=\"{&quot;201341983&quot;:0,&quot;335551550&quot;:6,&quot;335551620&quot;:6,&quot;335559740&quot;:276}\">\u00a0<\/span><\/p>\n<p><span data-contrast=\"auto\">Ce sont les 16 et 17 d\u00e9cembre \u00e0 la salle Michel C\u00f4t\u00e9 \u00e0 Alma que le Prisme Culturel pr\u00e9sentera le Casse-Noisette.\u00a0<\/span><span data-ccp-props=\"{&quot;201341983&quot;:0,&quot;335551550&quot;:6,&quot;335551620&quot;:6,&quot;335559740&quot;:276}\">\u00a0<\/span><\/p>\n","protected":false},"excerpt":{"rendered":"<p>Lily-May Fournier\u00a0 Un manque de financement ainsi que de la difficult\u00e9 \u00e0 retrouver les \u00e9quipes de production obligent le Prisme Culturel \u00e0 adapter son traditionnel ballet Casse-Noisette.\u00a0\u00a0 Le ballet Casse-Noisette du Prisme Culturel est, depuis plus de 25 ans, une tradition r\u00e9gionale. Frein\u00e9 par la Covid-19 en 2020, des d\u00e9fis&#8230;<\/p>\n<div class=\"more-container\"><a class=\"more-link\" href=\"http:\/\/www.decmultimedia.ca\/pigeon2014\/de-grands-defis-pour-le-casse-noisette\/\" itemprop=\"url\">Continue reading<\/a><\/div>\n","protected":false},"author":1,"featured_media":6929,"comment_status":"closed","ping_status":"closed","sticky":false,"template":"","format":"standard","meta":{"footnotes":""},"categories":[130,67],"tags":[],"_links":{"self":[{"href":"http:\/\/www.decmultimedia.ca\/pigeon2014\/wp-json\/wp\/v2\/posts\/6919"}],"collection":[{"href":"http:\/\/www.decmultimedia.ca\/pigeon2014\/wp-json\/wp\/v2\/posts"}],"about":[{"href":"http:\/\/www.decmultimedia.ca\/pigeon2014\/wp-json\/wp\/v2\/types\/post"}],"author":[{"embeddable":true,"href":"http:\/\/www.decmultimedia.ca\/pigeon2014\/wp-json\/wp\/v2\/users\/1"}],"replies":[{"embeddable":true,"href":"http:\/\/www.decmultimedia.ca\/pigeon2014\/wp-json\/wp\/v2\/comments?post=6919"}],"version-history":[{"count":2,"href":"http:\/\/www.decmultimedia.ca\/pigeon2014\/wp-json\/wp\/v2\/posts\/6919\/revisions"}],"predecessor-version":[{"id":6969,"href":"http:\/\/www.decmultimedia.ca\/pigeon2014\/wp-json\/wp\/v2\/posts\/6919\/revisions\/6969"}],"wp:featuredmedia":[{"embeddable":true,"href":"http:\/\/www.decmultimedia.ca\/pigeon2014\/wp-json\/wp\/v2\/media\/6929"}],"wp:attachment":[{"href":"http:\/\/www.decmultimedia.ca\/pigeon2014\/wp-json\/wp\/v2\/media?parent=6919"}],"wp:term":[{"taxonomy":"category","embeddable":true,"href":"http:\/\/www.decmultimedia.ca\/pigeon2014\/wp-json\/wp\/v2\/categories?post=6919"},{"taxonomy":"post_tag","embeddable":true,"href":"http:\/\/www.decmultimedia.ca\/pigeon2014\/wp-json\/wp\/v2\/tags?post=6919"}],"curies":[{"name":"wp","href":"https:\/\/api.w.org\/{rel}","templated":true}]}}