{"id":6949,"date":"2023-11-29T10:50:40","date_gmt":"2023-11-29T15:50:40","guid":{"rendered":"http:\/\/www.decmultimedia.ca\/pigeon2014\/?p=6949"},"modified":"2026-02-23T04:04:04","modified_gmt":"2026-02-23T09:04:04","slug":"les-balados-en-temps-de-radio-avec-thomas-aubin","status":"publish","type":"post","link":"http:\/\/www.decmultimedia.ca\/pigeon2014\/les-balados-en-temps-de-radio-avec-thomas-aubin\/","title":{"rendered":"Les balados en temps de radio avec Thomas Aubin"},"content":{"rendered":"<p><strong><em>Roxanne Myles-Gaudreault<\/em><\/strong><br \/>\n<b><span data-contrast=\"auto\">Animateur dans de radios de Bell M\u00e9dia depuis 8 ans, Thomas Aubin affirme ne pas craindre l\u2019arriv\u00e9e des balados dans le monde de la radio, croyant plut\u00f4t que les deux formats pourraient s\u2019entrem\u00ealer.<\/span><\/b><span data-ccp-props='{\"201341983\":0,\"335551550\":6,\"335551620\":6,\"335559740\":360}'>\u00a0<\/span><br \/>\n<span data-contrast=\"auto\">Thomas a \u00e9t\u00e9 t\u00e9moin du gain en popularit\u00e9 du format balado, \u00e9tant m\u00eame co-animateur depuis l\u2019automne du nouveau balado \u00ab\u202fBleu Sags\u202f\u00bb. Cependant, il n\u2019est pas d\u2019accord avec ceux qui affirment que les balados font de l\u2019ombre au format radio classique.<\/span><span data-ccp-props='{\"201341983\":0,\"335551550\":6,\"335551620\":6,\"335559740\":360}'>\u00a0<\/span><span data-ccp-props='{\"201341983\":0,\"335551550\":6,\"335551620\":6,\"335559740\":360}'>\u00a0<\/span><br \/>\n<span data-contrast=\"auto\">\u00ab\u202fCeux qui pensent que c\u2019est en voie de disparition, c\u2019est ceux qui ne l\u2019\u00e9coutent pas\u202f\u00bb, a-t-il affirm\u00e9 lors d\u2019une entrevue. Il souligne la diff\u00e9rence entre les deux formats. Alors que le balado offre un sujet pr\u00e9cis qui peut \u00eatre r\u00e9\u00e9cout\u00e9, la radio offre une diversit\u00e9 de sujets, informant en direct et en cr\u00e9ant une proximit\u00e9 avec le public.\u00a0<\/span><span data-ccp-props='{\"201341983\":0,\"335551550\":6,\"335551620\":6,\"335559740\":360}'>\u00a0<\/span><br \/>\n<span data-contrast=\"auto\">Selon lui, les formats pourraient \u00e9voluer ensemble, en diffusant des \u00e9missions de type balado en direct ou en enregistrant des \u00e9missions en direct pour les rediffuser en balados. Plusieurs animateurs sont cependant r\u00e9fractaires au changement, plus sp\u00e9cifiquement les animateurs plus \u00e2g\u00e9s, mais il soutient qu\u2019ils auraient avantage \u00e0 se lancer dans le format.<\/span><span data-ccp-props='{\"201341983\":0,\"335551550\":6,\"335551620\":6,\"335559740\":360}'>\u00a0<\/span><br \/>\n<span data-contrast=\"auto\">\u00ab\u202fTant qu\u2019il va y avoir la radio dans les voitures, je ne pense pas que le format radio va disparaitre\u202f\u00bb, a-t-il assur\u00e9, mentionnant que la radio est n\u00e9cessaire pour rester inform\u00e9. Il croit tout de m\u00eame que le format pourrait \u00e9voluer pour rejoindre un plus vaste public.<\/span><span data-ccp-props='{\"201341983\":0,\"335551550\":6,\"335551620\":6,\"335559740\":360}'>\u00a0<\/span><br \/>\n<span data-contrast=\"auto\">Dans son balado \u00ab\u202fBleu Sags\u202f\u00bb, il offre une plateforme aux joueurs de l\u2019\u00e9quipe de la ligue junior majeur de hockey les Saguen\u00e9ens pour aborder leurs parties, leur jeu et leur exp\u00e9rience. \u00c9tant animateur de foule des parties de l\u2019\u00e9quipe depuis huit ans, il r\u00e9ussit \u00e0 connecter avec les joueurs pour offrir au public un aper\u00e7u de leur vie personnelle.\u00a0\u00a0<\/span><span data-ccp-props='{\"201341983\":0,\"335551550\":6,\"335551620\":6,\"335559740\":360}'>\u00a0<\/span><br \/>\n<span data-contrast=\"auto\">Il mentionne que certains balados contribuent \u00e0 l\u2019ouverture d\u2019esprit et \u00e0 l\u2019ouverture de conversations en abordant des sujets tabous. Par exemple, il mentionne les balados \u00ab\u202f<a href=\"https:\/\/artonme.hu\/over-the-counter-ed-remedies-mit-erdemes-tudni\/\" rel=\"noopener noreferrer\">Sexe oral<\/a>\u202f\u00bb de Lysandre Nadeau et Joanie Grenier ainsi que \u00ab\u202fElle est o\u00f9 la ligne?\u202f\u00bb d\u2019Elie Collard, finissant d\u2019ATM, qui aborde la diversit\u00e9 d\u2019orientation sexuelle et d\u2019identit\u00e9 de genre.<\/span><span data-ccp-props='{\"201341983\":0,\"335551550\":6,\"335551620\":6,\"335559740\":360}'>\u00a0<\/span><\/p>\n","protected":false},"excerpt":{"rendered":"<p>Roxanne Myles-Gaudreault Animateur dans de radios de Bell M\u00e9dia depuis 8 ans, Thomas Aubin affirme ne pas craindre l\u2019arriv\u00e9e des balados dans le monde de la radio, croyant plut\u00f4t que les deux formats pourraient s\u2019entrem\u00ealer.\u00a0 Thomas a \u00e9t\u00e9 t\u00e9moin du gain en popularit\u00e9 du format balado, \u00e9tant m\u00eame co-animateur depuis&#8230;<\/p>\n<div class=\"more-container\"><a class=\"more-link\" href=\"http:\/\/www.decmultimedia.ca\/pigeon2014\/les-balados-en-temps-de-radio-avec-thomas-aubin\/\" itemprop=\"url\">Continue reading<\/a><\/div>\n","protected":false},"author":1,"featured_media":6958,"comment_status":"closed","ping_status":"closed","sticky":false,"template":"","format":"standard","meta":{"footnotes":""},"categories":[130,67],"tags":[],"_links":{"self":[{"href":"http:\/\/www.decmultimedia.ca\/pigeon2014\/wp-json\/wp\/v2\/posts\/6949"}],"collection":[{"href":"http:\/\/www.decmultimedia.ca\/pigeon2014\/wp-json\/wp\/v2\/posts"}],"about":[{"href":"http:\/\/www.decmultimedia.ca\/pigeon2014\/wp-json\/wp\/v2\/types\/post"}],"author":[{"embeddable":true,"href":"http:\/\/www.decmultimedia.ca\/pigeon2014\/wp-json\/wp\/v2\/users\/1"}],"replies":[{"embeddable":true,"href":"http:\/\/www.decmultimedia.ca\/pigeon2014\/wp-json\/wp\/v2\/comments?post=6949"}],"version-history":[{"count":2,"href":"http:\/\/www.decmultimedia.ca\/pigeon2014\/wp-json\/wp\/v2\/posts\/6949\/revisions"}],"predecessor-version":[{"id":7398,"href":"http:\/\/www.decmultimedia.ca\/pigeon2014\/wp-json\/wp\/v2\/posts\/6949\/revisions\/7398"}],"wp:featuredmedia":[{"embeddable":true,"href":"http:\/\/www.decmultimedia.ca\/pigeon2014\/wp-json\/wp\/v2\/media\/6958"}],"wp:attachment":[{"href":"http:\/\/www.decmultimedia.ca\/pigeon2014\/wp-json\/wp\/v2\/media?parent=6949"}],"wp:term":[{"taxonomy":"category","embeddable":true,"href":"http:\/\/www.decmultimedia.ca\/pigeon2014\/wp-json\/wp\/v2\/categories?post=6949"},{"taxonomy":"post_tag","embeddable":true,"href":"http:\/\/www.decmultimedia.ca\/pigeon2014\/wp-json\/wp\/v2\/tags?post=6949"}],"curies":[{"name":"wp","href":"https:\/\/api.w.org\/{rel}","templated":true}]}}