{"id":7014,"date":"2023-11-29T12:15:33","date_gmt":"2023-11-29T17:15:33","guid":{"rendered":"http:\/\/www.decmultimedia.ca\/pigeon2014\/?p=7014"},"modified":"2023-11-29T14:00:48","modified_gmt":"2023-11-29T19:00:48","slug":"jonathan-senecal-une-saison-couronnee-de-succes","status":"publish","type":"post","link":"http:\/\/www.decmultimedia.ca\/pigeon2014\/jonathan-senecal-une-saison-couronnee-de-succes\/","title":{"rendered":"Jonathan S\u00e9n\u00e9cal: une saison couronn\u00e9e de succ\u00e8s"},"content":{"rendered":"<p><em><strong>Matis Latour<\/strong><\/em><\/p>\n<p><strong>Alors que la saison universitaire de football a pris fin samedi dernier, Jonathan S\u00e9n\u00e9cal, le quart-arri\u00e8re talentueux des Carabins de l&rsquo;Universit\u00e9 de Montr\u00e9al, peut d\u00e9sormais r\u00e9fl\u00e9chir avec fiert\u00e9 sur les r\u00e9alisations de son \u00e9quipe. Dans une interview post-saison enregistr\u00e9e le 30 octobre dernier, S\u00e9n\u00e9cal a partag\u00e9 ses r\u00e9flexions sur les moments cl\u00e9s et les succ\u00e8s qui ont marqu\u00e9 cette p\u00e9riode cruciale.<\/strong><\/p>\n<p>Le joueur, qui avait suscit\u00e9 l&rsquo;int\u00e9r\u00eat de la Canadian Football League, n&rsquo;a cependant aucun parti pris pour une organisation. Son retour au Qu\u00e9bec depuis 3 ans est r\u00e9ussi, motiv\u00e9 par sa relation avec l&rsquo;entra\u00eeneur de Montr\u00e9al, s&rsquo;est av\u00e9r\u00e9 \u00eatre une d\u00e9cision d\u00e9terminante qui a renforc\u00e9 l&rsquo;\u00e9quipe.<\/p>\n<p>La d\u00e9faite strat\u00e9gique contre Concordia en octobre dernier, selon S\u00e9n\u00e9cal, \u00e9tait une d\u00e9cision tactique visant \u00e0 m\u00e9nager les joueurs et \u00e0 pr\u00e9server des strat\u00e9gies cl\u00e9s pour les s\u00e9ries \u00e9liminatoires. \u00ab L&rsquo;\u00e9quipe a d\u00e9cid\u00e9 de pr\u00e9server les joueurs pour les s\u00e9ries et on ne voulait pas vendre nos nouveaux jeux avant les s\u00e9ries. \u00bb une strat\u00e9gie qui s&rsquo;est av\u00e9r\u00e9e fructueuse, les Carabins ayant ensuite remport\u00e9s une victoire \u00e9clatante de 54 \u00e0 3 contre Sherbrooke en demi-finale.<\/p>\n<p>La victoire en Coupe Dunsmore contre le Rouge et Or avec un score de 12 \u00e0 6 a \u00e9t\u00e9 un moment marquant, suivie de succ\u00e8s cons\u00e9cutifs avec la Coupe Uteck contre l&rsquo;Universit\u00e9 Western et la Coupe Vanier contre les Thunderbirds de l&rsquo;UBC, avec un score de 16 \u00e0 9.<\/p>\n<p>S\u00e9n\u00e9cal, m\u00e9ritant le titre de joueur par excellence au Canada, a soulign\u00e9 la r\u00e9alisation de son objectif de saison : distribuer \u00e9quitablement le ballon \u00e0 ses receveurs gr\u00e2ce \u00e0 une attaque bien organis\u00e9e. La coh\u00e9sion de l&rsquo;\u00e9quipe a \u00e9t\u00e9 la cl\u00e9 des succ\u00e8s individuels.<\/p>\n<p>S\u00e9n\u00e9cal avait raison de s\u2019exprimer avec confiance suite au parcours qu&rsquo;il a obtenu, soulignant que prendre les matchs un par un \u00e9tait la strat\u00e9gie gagnante. \u00ab Je suis confiant qu\u2019on va avoir un beau parcours, mais on va y aller match par match pour les s\u00e9ries \u00bb, conclut-il avec d\u00e9termination.<\/p>\n","protected":false},"excerpt":{"rendered":"<p>Matis Latour Alors que la saison universitaire de football a pris fin samedi dernier, Jonathan S\u00e9n\u00e9cal, le quart-arri\u00e8re talentueux des Carabins de l&rsquo;Universit\u00e9 de Montr\u00e9al, peut d\u00e9sormais r\u00e9fl\u00e9chir avec fiert\u00e9 sur les r\u00e9alisations de son \u00e9quipe. Dans une interview post-saison enregistr\u00e9e le 30 octobre dernier, S\u00e9n\u00e9cal a partag\u00e9 ses r\u00e9flexions&#8230;<\/p>\n<div class=\"more-container\"><a class=\"more-link\" href=\"http:\/\/www.decmultimedia.ca\/pigeon2014\/jonathan-senecal-une-saison-couronnee-de-succes\/\" itemprop=\"url\">Continue reading<\/a><\/div>\n","protected":false},"author":1,"featured_media":7019,"comment_status":"closed","ping_status":"closed","sticky":false,"template":"","format":"standard","meta":{"footnotes":""},"categories":[73,97],"tags":[],"_links":{"self":[{"href":"http:\/\/www.decmultimedia.ca\/pigeon2014\/wp-json\/wp\/v2\/posts\/7014"}],"collection":[{"href":"http:\/\/www.decmultimedia.ca\/pigeon2014\/wp-json\/wp\/v2\/posts"}],"about":[{"href":"http:\/\/www.decmultimedia.ca\/pigeon2014\/wp-json\/wp\/v2\/types\/post"}],"author":[{"embeddable":true,"href":"http:\/\/www.decmultimedia.ca\/pigeon2014\/wp-json\/wp\/v2\/users\/1"}],"replies":[{"embeddable":true,"href":"http:\/\/www.decmultimedia.ca\/pigeon2014\/wp-json\/wp\/v2\/comments?post=7014"}],"version-history":[{"count":2,"href":"http:\/\/www.decmultimedia.ca\/pigeon2014\/wp-json\/wp\/v2\/posts\/7014\/revisions"}],"predecessor-version":[{"id":7043,"href":"http:\/\/www.decmultimedia.ca\/pigeon2014\/wp-json\/wp\/v2\/posts\/7014\/revisions\/7043"}],"wp:featuredmedia":[{"embeddable":true,"href":"http:\/\/www.decmultimedia.ca\/pigeon2014\/wp-json\/wp\/v2\/media\/7019"}],"wp:attachment":[{"href":"http:\/\/www.decmultimedia.ca\/pigeon2014\/wp-json\/wp\/v2\/media?parent=7014"}],"wp:term":[{"taxonomy":"category","embeddable":true,"href":"http:\/\/www.decmultimedia.ca\/pigeon2014\/wp-json\/wp\/v2\/categories?post=7014"},{"taxonomy":"post_tag","embeddable":true,"href":"http:\/\/www.decmultimedia.ca\/pigeon2014\/wp-json\/wp\/v2\/tags?post=7014"}],"curies":[{"name":"wp","href":"https:\/\/api.w.org\/{rel}","templated":true}]}}