{"id":7024,"date":"2023-11-29T12:41:21","date_gmt":"2023-11-29T17:41:21","guid":{"rendered":"http:\/\/www.decmultimedia.ca\/pigeon2014\/?p=7024"},"modified":"2023-11-29T14:01:48","modified_gmt":"2023-11-29T19:01:48","slug":"les-aigles-de-trois-rivieres-une-saison-desastreuse","status":"publish","type":"post","link":"http:\/\/www.decmultimedia.ca\/pigeon2014\/les-aigles-de-trois-rivieres-une-saison-desastreuse\/","title":{"rendered":"Les Aigles de Trois-Rivi\u00e8res : une saison d\u00e9sastreuse"},"content":{"rendered":"<p><em><strong>Xavier Lemieux<\/strong><\/em><\/p>\n<p><b><span data-contrast=\"none\">Le pr\u00e9sident des Aigles de Trois-Rivi\u00e8res, Ren\u00e9 Martin, avoue avoir eu honte des performances du club lors de la saison 2023. Une fiche de 38 victoires et 57 d\u00e9faites ont d\u00e9\u00e7u ce dernier.<\/span><\/b><span data-ccp-props=\"{&quot;201341983&quot;:0,&quot;335551550&quot;:6,&quot;335551620&quot;:6,&quot;335559739&quot;:160,&quot;335559740&quot;:259}\">\u00a0<\/span><\/p>\n<p><span data-contrast=\"none\">Le plus gros probl\u00e8me de l\u2019\u00e9quipe \u00e9tait les lanceurs, ils n\u2019\u00e9taient pas de calibre, selon lui. Le manque de bons releveurs \u00e9tait caus\u00e9 par le mauvais recrutement de la part du g\u00e9rant, Matthew Rusch. \u00ab <\/span><i><span data-contrast=\"none\">Matt<\/span><\/i><span data-contrast=\"none\"> n\u2019a pas fait du bon travail au niveau du recrutement \u00bb, affirme M. Martin.<\/span><span data-ccp-props=\"{&quot;201341983&quot;:0,&quot;335551550&quot;:6,&quot;335551620&quot;:6,&quot;335559739&quot;:160,&quot;335559740&quot;:259}\">\u00a0<\/span><\/p>\n<p><span data-contrast=\"none\">L\u2019\u00e9quipe de la Ligue Fronti\u00e8re f\u00eatait un moment marquant lors de la campagne de l&rsquo;\u00e9t\u00e9 dernier. \u00ab C\u2019est une \u00e9norme d\u00e9ception, c\u2019\u00e9tait notre dixi\u00e8me anniversaire \u00bb, confie le haut-grad\u00e9 du club. Il aurait souhait\u00e9 un meilleur d\u00e9nouement pour les festivit\u00e9s.<\/span><span data-ccp-props=\"{&quot;201341983&quot;:0,&quot;335551550&quot;:6,&quot;335551620&quot;:6,&quot;335559739&quot;:160,&quot;335559740&quot;:259}\">\u00a0<\/span><\/p>\n<p><span data-contrast=\"none\">Le pr\u00e9sident et son directeur g\u00e9n\u00e9ral, J\u00e9r\u00f4me Duchesneau, ont d\u00e9velopp\u00e9 une nouvelle strat\u00e9gie de recrutement. Un groupe de trois \u00e0 quatre personnes sera affect\u00e9 \u00e0 cette t\u00e2che afin d\u2019acqu\u00e9rir des joueurs de meilleure qualit\u00e9.\u00a0 Le nouveau groupe sera dirig\u00e9 par l\u2019ancien joueur des filiales des Pirates de Pittsburgh et des Red Sox de Boston, Josu\u00e9 Peley. De plus, l\u2019ancien des Aigles juniors \u00e9lites de Trois-Rivi\u00e8res, Jean-F\u00e9lix Proulx, supportera les op\u00e9rations baseball de Peley.<\/span><span data-ccp-props=\"{&quot;201341983&quot;:0,&quot;335551550&quot;:6,&quot;335551620&quot;:6,&quot;335559739&quot;:160,&quot;335559740&quot;:259}\">\u00a0<\/span><\/p>\n<p><span data-contrast=\"none\">Une \u00e9valuation des joueurs a \u00e9t\u00e9 faite \u00e0 la fin de la saison, un maximum de 10 joueurs sur les 24 seront de retour avec l\u2019\u00e9quipe trifluvienne. C\u2019est une reconstruction plus que partielle impliquant le d\u00e9part de pr\u00e8s de 60 % des portes couleurs de Trois-Rivi\u00e8res.<\/span><\/p>\n<p>M. Martin souhaite un meilleur d\u00e9but de saison que celui de 2023. Il aimerait \u00e9galement jouer \u00ab pour .500 \u00bb, soit d\u2019avoir une fiche victoire-d\u00e9faite \u00e9gale ou sup\u00e9rieure \u00e0 48-47. Il esp\u00e8re atteindre les s\u00e9ries \u00e9liminatoires pour une premi\u00e8re fois dans la Ligue Fronti\u00e8re, mais ne se fait pas trop d\u2019attentes puisque ce circuit nord-am\u00e9ricain est tr\u00e8s comp\u00e9titif.<\/p>\n<p><span data-contrast=\"none\">Malgr\u00e9 que les Aigles aient connu leur pire saison r\u00e9guli\u00e8re depuis 2017, les partisans \u00e9taient pr\u00e9sents en grand nombre soir apr\u00e8s soir pour encourager leurs favoris.<\/span><span data-ccp-props=\"{&quot;201341983&quot;:0,&quot;335559739&quot;:160,&quot;335559740&quot;:259}\">\u00a0<\/span><\/p>\n","protected":false},"excerpt":{"rendered":"<p>Xavier Lemieux Le pr\u00e9sident des Aigles de Trois-Rivi\u00e8res, Ren\u00e9 Martin, avoue avoir eu honte des performances du club lors de la saison 2023. Une fiche de 38 victoires et 57 d\u00e9faites ont d\u00e9\u00e7u ce dernier.\u00a0 Le plus gros probl\u00e8me de l\u2019\u00e9quipe \u00e9tait les lanceurs, ils n\u2019\u00e9taient pas de calibre, selon&#8230;<\/p>\n<div class=\"more-container\"><a class=\"more-link\" href=\"http:\/\/www.decmultimedia.ca\/pigeon2014\/les-aigles-de-trois-rivieres-une-saison-desastreuse\/\" itemprop=\"url\">Continue reading<\/a><\/div>\n","protected":false},"author":1,"featured_media":7046,"comment_status":"closed","ping_status":"closed","sticky":false,"template":"","format":"standard","meta":{"footnotes":""},"categories":[138,97],"tags":[20],"_links":{"self":[{"href":"http:\/\/www.decmultimedia.ca\/pigeon2014\/wp-json\/wp\/v2\/posts\/7024"}],"collection":[{"href":"http:\/\/www.decmultimedia.ca\/pigeon2014\/wp-json\/wp\/v2\/posts"}],"about":[{"href":"http:\/\/www.decmultimedia.ca\/pigeon2014\/wp-json\/wp\/v2\/types\/post"}],"author":[{"embeddable":true,"href":"http:\/\/www.decmultimedia.ca\/pigeon2014\/wp-json\/wp\/v2\/users\/1"}],"replies":[{"embeddable":true,"href":"http:\/\/www.decmultimedia.ca\/pigeon2014\/wp-json\/wp\/v2\/comments?post=7024"}],"version-history":[{"count":2,"href":"http:\/\/www.decmultimedia.ca\/pigeon2014\/wp-json\/wp\/v2\/posts\/7024\/revisions"}],"predecessor-version":[{"id":7064,"href":"http:\/\/www.decmultimedia.ca\/pigeon2014\/wp-json\/wp\/v2\/posts\/7024\/revisions\/7064"}],"wp:featuredmedia":[{"embeddable":true,"href":"http:\/\/www.decmultimedia.ca\/pigeon2014\/wp-json\/wp\/v2\/media\/7046"}],"wp:attachment":[{"href":"http:\/\/www.decmultimedia.ca\/pigeon2014\/wp-json\/wp\/v2\/media?parent=7024"}],"wp:term":[{"taxonomy":"category","embeddable":true,"href":"http:\/\/www.decmultimedia.ca\/pigeon2014\/wp-json\/wp\/v2\/categories?post=7024"},{"taxonomy":"post_tag","embeddable":true,"href":"http:\/\/www.decmultimedia.ca\/pigeon2014\/wp-json\/wp\/v2\/tags?post=7024"}],"curies":[{"name":"wp","href":"https:\/\/api.w.org\/{rel}","templated":true}]}}