{"id":7031,"date":"2023-11-29T12:35:55","date_gmt":"2023-11-29T17:35:55","guid":{"rendered":"http:\/\/www.decmultimedia.ca\/pigeon2014\/?p=7031"},"modified":"2023-11-29T14:07:39","modified_gmt":"2023-11-29T19:07:39","slug":"handicap-et-travail-loin-detre-un-obstacle","status":"publish","type":"post","link":"http:\/\/www.decmultimedia.ca\/pigeon2014\/handicap-et-travail-loin-detre-un-obstacle\/","title":{"rendered":"Handicap et travail : loin d\u2019\u00eatre un obstacle"},"content":{"rendered":"<p style=\"font-weight: 400;\"><strong><em>F\u00e9lix Audet<\/em><\/strong><\/p>\n<p style=\"font-weight: 400;\"><strong>Bien qu\u2019il soit atteint d\u2019un handicap, Nicolas Savard a r\u00e9cemment entam\u00e9 sa 23<sup>e<\/sup> ann\u00e9e comme employ\u00e9 chez Optimum clinique visuelle. Le Jonqui\u00e8rois tient\u00e0 servir d\u2019exemple pour prouver que les personnes handicap\u00e9es ont leur place sur le march\u00e9 du travail.<\/strong><\/p>\n<p style=\"font-weight: 400;\">Avec les diff\u00e9rentes subventions offertes par le gouvernement du Qu\u00e9bec visant l\u2019int\u00e9gration des personnes handicap\u00e9es en milieu de travail, les entreprises sont maintenant beaucoup plus ouvertes \u00e0 embaucher des personnes aux conditions particuli\u00e8res. Contrairement \u00e0 la majorit\u00e9 qui obtiennent des contrats temporaires, Nicolas, lui, est employ\u00e9 depuis ses 21 ans.<\/p>\n<p style=\"font-weight: 400;\">\u00ab\u00a0C\u2019est un charme et un pur plaisir de travailler avec les diff\u00e9rents employ\u00e9s de la clinique \u00bb, explique celui qui est d\u00e9crit comme une boule d\u2019\u00e9nergie par ses coll\u00e8gues.<\/p>\n<p style=\"font-weight: 400;\">\u00c0 seulement six semaines, Nicolas a fait une m\u00e9ningite suivie d\u2019une hydroc\u00e9phalie. \u00a0\u00ab\u00a0Le p\u00e9diatre a mal fait son travail et aurait d\u00fb d\u00e9tecter ma m\u00e9ningite bien avant. Cela a notamment eu de graves cons\u00e9quences sur mon d\u00e9veloppement et sur ma motricit\u00e9. \u00bb Le quadrag\u00e9naire reste toutefois tr\u00e8s fier de son parcours. \u00ab J\u2019ai su surmonter les \u00e9preuves malgr\u00e9 tout et j\u2019en suis extr\u00eamement fier \u00bb, confie-t-il.<\/p>\n<p style=\"font-weight: 400;\">\u00a0Nicolas a eu la chance d\u2019avoir beaucoup de soutien de la part de ses parents. Ces derniers l\u2019ont toujours support\u00e9 dans le monde professionnel notamment en le mettant en contact avec plusieurs intervenants. \u00ab Travailler avec eux m\u2019a permis de gagner confiance en moi. J\u2019ai eu beaucoup de courage, de t\u00e9nacit\u00e9, de pers\u00e9v\u00e9rance et de vouloir\u00a0\u00bb, mentionne le plus ancien de la clinique.<\/p>\n<p style=\"font-weight: 400;\">La retraite est loin d\u2019\u00eatre une option pour Nicolas. En effet, l\u2019homme natif de Jonqui\u00e8re souhaite continuer de mettre un sourire sur le visage des clients, et ce, pour les ann\u00e9es \u00e0 venir.<\/p>\n","protected":false},"excerpt":{"rendered":"<p>F\u00e9lix Audet Bien qu\u2019il soit atteint d\u2019un handicap, Nicolas Savard a r\u00e9cemment entam\u00e9 sa 23e ann\u00e9e comme employ\u00e9 chez Optimum clinique visuelle. Le Jonqui\u00e8rois tient\u00e0 servir d\u2019exemple pour prouver que les personnes handicap\u00e9es ont leur place sur le march\u00e9 du travail. Avec les diff\u00e9rentes subventions offertes par le gouvernement du&#8230;<\/p>\n<div class=\"more-container\"><a class=\"more-link\" href=\"http:\/\/www.decmultimedia.ca\/pigeon2014\/handicap-et-travail-loin-detre-un-obstacle\/\" itemprop=\"url\">Continue reading<\/a><\/div>\n","protected":false},"author":1,"featured_media":7038,"comment_status":"closed","ping_status":"closed","sticky":false,"template":"","format":"standard","meta":{"footnotes":""},"categories":[95,94],"tags":[],"_links":{"self":[{"href":"http:\/\/www.decmultimedia.ca\/pigeon2014\/wp-json\/wp\/v2\/posts\/7031"}],"collection":[{"href":"http:\/\/www.decmultimedia.ca\/pigeon2014\/wp-json\/wp\/v2\/posts"}],"about":[{"href":"http:\/\/www.decmultimedia.ca\/pigeon2014\/wp-json\/wp\/v2\/types\/post"}],"author":[{"embeddable":true,"href":"http:\/\/www.decmultimedia.ca\/pigeon2014\/wp-json\/wp\/v2\/users\/1"}],"replies":[{"embeddable":true,"href":"http:\/\/www.decmultimedia.ca\/pigeon2014\/wp-json\/wp\/v2\/comments?post=7031"}],"version-history":[{"count":2,"href":"http:\/\/www.decmultimedia.ca\/pigeon2014\/wp-json\/wp\/v2\/posts\/7031\/revisions"}],"predecessor-version":[{"id":7134,"href":"http:\/\/www.decmultimedia.ca\/pigeon2014\/wp-json\/wp\/v2\/posts\/7031\/revisions\/7134"}],"wp:featuredmedia":[{"embeddable":true,"href":"http:\/\/www.decmultimedia.ca\/pigeon2014\/wp-json\/wp\/v2\/media\/7038"}],"wp:attachment":[{"href":"http:\/\/www.decmultimedia.ca\/pigeon2014\/wp-json\/wp\/v2\/media?parent=7031"}],"wp:term":[{"taxonomy":"category","embeddable":true,"href":"http:\/\/www.decmultimedia.ca\/pigeon2014\/wp-json\/wp\/v2\/categories?post=7031"},{"taxonomy":"post_tag","embeddable":true,"href":"http:\/\/www.decmultimedia.ca\/pigeon2014\/wp-json\/wp\/v2\/tags?post=7031"}],"curies":[{"name":"wp","href":"https:\/\/api.w.org\/{rel}","templated":true}]}}