{"id":7050,"date":"2023-11-29T12:31:39","date_gmt":"2023-11-29T17:31:39","guid":{"rendered":"http:\/\/www.decmultimedia.ca\/pigeon2014\/?p=7050"},"modified":"2023-11-29T12:31:39","modified_gmt":"2023-11-29T17:31:39","slug":"la-penurie-denseignants-cause-des-maux-de-tete","status":"publish","type":"post","link":"http:\/\/www.decmultimedia.ca\/pigeon2014\/la-penurie-denseignants-cause-des-maux-de-tete\/","title":{"rendered":"La p\u00e9nurie d&rsquo;enseignants cause des maux de t\u00eate"},"content":{"rendered":"<p style=\"font-weight: 400;\"><strong><em>Emy-Jade Plante<\/em><\/strong><\/p>\n<p style=\"font-weight: 400;\"><strong>\u00ab Le manque de main-d\u2019\u0153uvre parmi les enseignants et dans les services adapt\u00e9s fait en sorte que plusieurs \u00e9l\u00e8ves d\u00e9crochent de l\u2019\u00e9cole \u00bb, affirme une enseignante en adaptation scolaire de l\u2019\u00c9cole secondaire \u00e0 l\u2019\u00c9rabli\u00e8re dans Lanaudi\u00e8re, M\u00e9lanie Mc Gurrin.<\/strong><\/p>\n<p style=\"font-weight: 400;\">Celle-ci explique que s\u2019il y avait beaucoup plus de personnel dans les \u00e9coles, moins d\u2019\u00e9l\u00e8ves l\u00e2cheraient. Les probl\u00e8mes comme le trouble d\u2019apprentissage et le trouble de comportement devraient \u00eatre d\u00e9tect\u00e9s le plus t\u00f4t possible. \u00ab\u2009Malheureusement ce qui arrive, c\u2019est que nous devons attendre que l\u2019\u00e9l\u00e8ve ait des \u00e9checs, des cotes et qu\u2019il se fasse diagnostiquer, ce qui prend \u00e9norm\u00e9ment de temps, mais le mal est d\u00e9j\u00e0 fait\u00a0\u00bb, affirme-t-elle<\/p>\n<p style=\"font-weight: 400;\">Le manque de main-d\u2019\u0153uvre impacte les enseignants. Pour le moment, Mme Mc Gurrin n\u2019est pas oblig\u00e9e de faire du remplacement, car quelques enseignants se proposent \u00e0 le faire. Par contre, dans certaines \u00e9coles, plusieurs sont contraints d\u2019\u00eatre disponibles durant une p\u00e9riode par semaine pour faire de la suppl\u00e9ance.<\/p>\n<p style=\"font-weight: 400;\">Plusieurs choses sont \u00e0 am\u00e9liorer dans ce syst\u00e8me. Comme le fait qu\u2019il ne faudrait pas attendre que les \u00e9l\u00e8ves soient rendus avec des probl\u00e8mes majeurs pour que l\u2019on les aide. \u00ab\u00a0Si les enseignants avaient des t\u00e2ches moins lourdes, cela faciliterait l\u2019aide aux \u00e9l\u00e8ves et qu\u2019ils auraient beaucoup plus de temps pour aider, les jeunes en difficult\u00e9\u00a0\u00bb, croit Mme M\u00e9lanie Mc Gurrin.<\/p>\n<p style=\"font-weight: 400;\">Cette enseignante trouve de bons c\u00f4t\u00e9s au syst\u00e8me de l\u2019\u00e9ducation. Elle raconte que ce qu&rsquo;elle aime dans ce dernier, c\u2019est qu\u2019il permet de cr\u00e9er les jeunes de demain. Elle explique que \u00ab\u00a0plusieurs programmes de formation mettent de l\u2019avant le monde du travail pour les jeunes qui sont plus d\u00e9motiv\u00e9s.\u2009\u00bb, ce qui aide de nombreux adolescents.<\/p>\n<p style=\"font-weight: 400;\">\n","protected":false},"excerpt":{"rendered":"<p>Emy-Jade Plante \u00ab Le manque de main-d\u2019\u0153uvre parmi les enseignants et dans les services adapt\u00e9s fait en sorte que plusieurs \u00e9l\u00e8ves d\u00e9crochent de l\u2019\u00e9cole \u00bb, affirme une enseignante en adaptation scolaire de l\u2019\u00c9cole secondaire \u00e0 l\u2019\u00c9rabli\u00e8re dans Lanaudi\u00e8re, M\u00e9lanie Mc Gurrin. Celle-ci explique que s\u2019il y avait beaucoup plus de&#8230;<\/p>\n<div class=\"more-container\"><a class=\"more-link\" href=\"http:\/\/www.decmultimedia.ca\/pigeon2014\/la-penurie-denseignants-cause-des-maux-de-tete\/\" itemprop=\"url\">Continue reading<\/a><\/div>\n","protected":false},"author":1,"featured_media":7061,"comment_status":"closed","ping_status":"closed","sticky":false,"template":"","format":"standard","meta":{"footnotes":""},"categories":[94],"tags":[],"_links":{"self":[{"href":"http:\/\/www.decmultimedia.ca\/pigeon2014\/wp-json\/wp\/v2\/posts\/7050"}],"collection":[{"href":"http:\/\/www.decmultimedia.ca\/pigeon2014\/wp-json\/wp\/v2\/posts"}],"about":[{"href":"http:\/\/www.decmultimedia.ca\/pigeon2014\/wp-json\/wp\/v2\/types\/post"}],"author":[{"embeddable":true,"href":"http:\/\/www.decmultimedia.ca\/pigeon2014\/wp-json\/wp\/v2\/users\/1"}],"replies":[{"embeddable":true,"href":"http:\/\/www.decmultimedia.ca\/pigeon2014\/wp-json\/wp\/v2\/comments?post=7050"}],"version-history":[{"count":2,"href":"http:\/\/www.decmultimedia.ca\/pigeon2014\/wp-json\/wp\/v2\/posts\/7050\/revisions"}],"predecessor-version":[{"id":7117,"href":"http:\/\/www.decmultimedia.ca\/pigeon2014\/wp-json\/wp\/v2\/posts\/7050\/revisions\/7117"}],"wp:featuredmedia":[{"embeddable":true,"href":"http:\/\/www.decmultimedia.ca\/pigeon2014\/wp-json\/wp\/v2\/media\/7061"}],"wp:attachment":[{"href":"http:\/\/www.decmultimedia.ca\/pigeon2014\/wp-json\/wp\/v2\/media?parent=7050"}],"wp:term":[{"taxonomy":"category","embeddable":true,"href":"http:\/\/www.decmultimedia.ca\/pigeon2014\/wp-json\/wp\/v2\/categories?post=7050"},{"taxonomy":"post_tag","embeddable":true,"href":"http:\/\/www.decmultimedia.ca\/pigeon2014\/wp-json\/wp\/v2\/tags?post=7050"}],"curies":[{"name":"wp","href":"https:\/\/api.w.org\/{rel}","templated":true}]}}