{"id":7177,"date":"2023-11-29T13:00:05","date_gmt":"2023-11-29T18:00:05","guid":{"rendered":"http:\/\/www.decmultimedia.ca\/pigeon2014\/?p=7177"},"modified":"2023-11-29T13:54:16","modified_gmt":"2023-11-29T18:54:16","slug":"enzo-dihoulou-une-etoile-montante-du-football","status":"publish","type":"post","link":"http:\/\/www.decmultimedia.ca\/pigeon2014\/enzo-dihoulou-une-etoile-montante-du-football\/","title":{"rendered":"Enzo Dihoulou, une \u00e9toile montante du football"},"content":{"rendered":"<p><em><strong>Jules Fran\u00e7ois<\/strong><\/em><\/p>\n<p style=\"font-weight: 400;\"><strong>\u00c0 seulement 19 ans, Enzo Dihoulou, ancien joueur des Gaillards du C\u00e9gep de Jonqui\u00e8re, est une \u00e9toile montante du football fran\u00e7ais et qu\u00e9b\u00e9cois. Le receveur de l\u2019Universit\u00e9 Laval mainte fois titr\u00e9s raconte son parcours \u00e0 la fois difficile et exceptionnel. <\/strong><\/p>\n<p style=\"font-weight: 400;\">Pour Enzo, tout commence \u00e0 l\u2019\u00e2ge de 9 ans. \u00ab Mes cousins allaient faire du flag football je les ai accompagn\u00e9s, j\u2019ai aim\u00e9. \u00bb Pour lui, c\u2019est le d\u00e9but d\u2019une histoire d\u2019amour qui dure depuis au moins dix ans, dans ce milieu tr\u00e8s difficile en France. \u00c0 13 ans il commence le football en \u00e9quipement complet pour son \u00e9quipe les M\u00e9t\u00e9ores de Fontenay-sous-Bois pour laquelle il r\u00e9alise bon nombre d\u2019exploits. Ce qui lui fait esp\u00e9rer \u00e0 tenter une carri\u00e8re en Am\u00e9rique, notamment aux \u00c9tats Unis.<\/p>\n<p style=\"font-weight: 400;\">Plusieurs c\u00e9geps impressionn\u00e9s par ses capacit\u00e9s de receveur prendront contact avec lui. Il refusera d\u2019abord plusieurs offres, avec toujours l\u2019objectif de rejoindre une universit\u00e9 am\u00e9ricaine. Plus tard dans l\u2019ann\u00e9e, il est contact\u00e9 par le C\u00e9gep de Jonqui\u00e8re. \u00ab\u00a0Ils m\u2019ont dit qu\u2019ils voulaient m\u2019aider, c\u2019\u00e9tait la COVID, c\u2019\u00e9tait compliqu\u00e9. J\u2019avais plein d\u2019amis l\u00e0-bas, c\u2019est comme \u00e7a que j\u2019ai fini \u00e0 Jonqui\u00e8re. \u00bb \u00e0 son arriv\u00e9e \u00e0 Jonqui\u00e8re, Enzo d\u00e9montre ses qualit\u00e9s sportives. Les coachs le s\u00e9lectionnent pour participer \u00e0 des camps aux \u00c9tats-Unis, lui offrant ainsi la possibilit\u00e9 de briller sur la sc\u00e8ne am\u00e9ricaine.<\/p>\n<p style=\"font-weight: 400;\">Malgr\u00e9 la volont\u00e9 qu\u2019Enzo affiche, il se retrouve vite face \u00e0 une \u00e9vidence\u00a0: le niveau est tr\u00e8s \u00e9lev\u00e9 et aucune des universit\u00e9s rattach\u00e9es aux camps auxquelles il a particip\u00e9 ne lui a fait d\u2019offre concr\u00e8te. Il se retrouve donc \u00e0 devoir choisir une universit\u00e9 canadienne, s\u2019il veut continuer son parcours dans le football am\u00e9ricain. \u00ab Je savais que j\u2019\u00e9tais dans les fiches de recrutement de l\u2019Universit\u00e9 Laval, on ne va pas dire que j\u2019ai fait le premier pas. Je les ai ajout\u00e9s sur Facebook et ils m\u2019ont ajout\u00e9 en retour et m\u2019ont envoy\u00e9 un message priv\u00e9. \u00bb<\/p>\n<p style=\"font-weight: 400;\">L\u2019ex-receveur des Gaillards fait donc son entr\u00e9e en tant que receveur pour le Rouge et Or. Il ressent tout de suite une diff\u00e9rence entre le niveau de D3 qui est le plus bas au coll\u00e9gial et le niveau universitaire. \u00ab\u00a0Tout le monde est plus rapide, tout le monde est plus fort\u00a0\u00bb. Malgr\u00e9 cette prise de conscience, il s\u2019autorise d\u2019ailleurs m\u00eame une r\u00e9trospective sur la saison qu\u2019il vient de passer au sein de l\u2019effectif de l\u2019Universit\u00e9 Laval. \u00ab\u00a0Pour l\u2019instant, je ne dirais pas que je suis frustr\u00e9 car j\u2019ai quand m\u00eame beaucoup jou\u00e9, j\u2019ai marqu\u00e9 un touch\u00e9 pour mon premier match, j\u2019ai bloqu\u00e9 deux bott\u00e9s.\u00a0\u00bb<\/p>\n<p>Cr\u00e9dit photo : Universit\u00e9 Laval<\/p>\n","protected":false},"excerpt":{"rendered":"<p>Jules Fran\u00e7ois \u00c0 seulement 19 ans, Enzo Dihoulou, ancien joueur des Gaillards du C\u00e9gep de Jonqui\u00e8re, est une \u00e9toile montante du football fran\u00e7ais et qu\u00e9b\u00e9cois. Le receveur de l\u2019Universit\u00e9 Laval mainte fois titr\u00e9s raconte son parcours \u00e0 la fois difficile et exceptionnel. Pour Enzo, tout commence \u00e0 l\u2019\u00e2ge de 9&#8230;<\/p>\n<div class=\"more-container\"><a class=\"more-link\" href=\"http:\/\/www.decmultimedia.ca\/pigeon2014\/enzo-dihoulou-une-etoile-montante-du-football\/\" itemprop=\"url\">Continue reading<\/a><\/div>\n","protected":false},"author":1,"featured_media":7163,"comment_status":"closed","ping_status":"closed","sticky":false,"template":"","format":"standard","meta":{"footnotes":""},"categories":[68,97],"tags":[],"_links":{"self":[{"href":"http:\/\/www.decmultimedia.ca\/pigeon2014\/wp-json\/wp\/v2\/posts\/7177"}],"collection":[{"href":"http:\/\/www.decmultimedia.ca\/pigeon2014\/wp-json\/wp\/v2\/posts"}],"about":[{"href":"http:\/\/www.decmultimedia.ca\/pigeon2014\/wp-json\/wp\/v2\/types\/post"}],"author":[{"embeddable":true,"href":"http:\/\/www.decmultimedia.ca\/pigeon2014\/wp-json\/wp\/v2\/users\/1"}],"replies":[{"embeddable":true,"href":"http:\/\/www.decmultimedia.ca\/pigeon2014\/wp-json\/wp\/v2\/comments?post=7177"}],"version-history":[{"count":4,"href":"http:\/\/www.decmultimedia.ca\/pigeon2014\/wp-json\/wp\/v2\/posts\/7177\/revisions"}],"predecessor-version":[{"id":7194,"href":"http:\/\/www.decmultimedia.ca\/pigeon2014\/wp-json\/wp\/v2\/posts\/7177\/revisions\/7194"}],"wp:featuredmedia":[{"embeddable":true,"href":"http:\/\/www.decmultimedia.ca\/pigeon2014\/wp-json\/wp\/v2\/media\/7163"}],"wp:attachment":[{"href":"http:\/\/www.decmultimedia.ca\/pigeon2014\/wp-json\/wp\/v2\/media?parent=7177"}],"wp:term":[{"taxonomy":"category","embeddable":true,"href":"http:\/\/www.decmultimedia.ca\/pigeon2014\/wp-json\/wp\/v2\/categories?post=7177"},{"taxonomy":"post_tag","embeddable":true,"href":"http:\/\/www.decmultimedia.ca\/pigeon2014\/wp-json\/wp\/v2\/tags?post=7177"}],"curies":[{"name":"wp","href":"https:\/\/api.w.org\/{rel}","templated":true}]}}