{"id":7230,"date":"2023-11-29T14:15:01","date_gmt":"2023-11-29T19:15:01","guid":{"rendered":"http:\/\/www.decmultimedia.ca\/pigeon2014\/?p=7230"},"modified":"2023-11-29T14:20:36","modified_gmt":"2023-11-29T19:20:36","slug":"le-festif-expose-les-jeunes-a-la-musique","status":"publish","type":"post","link":"http:\/\/www.decmultimedia.ca\/pigeon2014\/le-festif-expose-les-jeunes-a-la-musique\/","title":{"rendered":"Le Festif expose les jeunes \u00e0 la musique"},"content":{"rendered":"<p><strong><em>Rose Perron<\/em><\/strong><\/p>\n<p><strong>Le directeur g\u00e9n\u00e9ral et artistique du Festif, Cl\u00e9ment Turgeon, organise des concerts de musique dans les \u00e9coles primaires et secondaires partout au Qu\u00e9bec. Cette ann\u00e9e souligne la 7<sup>e<\/sup> \u00e9dition du Festif! \u00e0 l\u2019\u00e9cole.<\/strong><\/p>\n<p>En 2017 \u00e0 Baie-Saint Paul, M. Turgeon a contact\u00e9 des artistes qu\u00e9b\u00e9cois pour qu\u2019ils viennent performer pour les \u00e9l\u00e8ves du Centre \u00c9ducatif Saint-Aubin. L\u2019exp\u00e9rience ayant \u00e9t\u00e9 concluante, ils ont d\u00e9cid\u00e9 de se lancer au travers du Qu\u00e9bec entier avec des chanteurs tels que Karim Ouellet, Alaclair ensemble et \u00c9mile Bilodeau. Le but principal de cette exp\u00e9rience aupr\u00e8s des jeunes est de les exposer \u00e0 la musique qu\u00e9b\u00e9coise. \u00ab\u00a0On se disait que la meilleure fa\u00e7on, c\u2019est d\u2019aller dans les \u00e9coles<em> \u00bb, <\/em>affirme M. Turgeon.<\/p>\n<p>Aujourd\u2019hui, plus de 300 \u00e9coles s\u2019inscrivent chaque ann\u00e9e. Le Festif! \u00e0 l\u2019\u00e9cole en s\u00e9lectionne 80 afin d\u2019y amener les interpr\u00e8tes. En plus de recevoir un artiste qu\u00e9b\u00e9cois dans l\u2019\u00e9tablissement scolaire, les \u00e9l\u00e8ves qui \u00e9tudient dans le programme musical de leur \u00e9cole ont la chance d\u2019avoir une conf\u00e9rence avec le chanteur. Cela permet aux jeunes qui souhaitent se d\u00e9marquer en chansons \u00e0 avoir de l\u2019information sur la vie d\u2019artiste.<\/p>\n<p><em>\u00ab\u00a0<\/em>Parfois pendant une journ\u00e9e, de mettre de c\u00f4t\u00e9 les pr\u00e9occupations scolaires et juste de manquer un cours, de voir un show, \u00e7a laisse un impact aux jeunes\u00a0\u00bb, raconte M. Turgeon. Les \u00e9l\u00e8ves appr\u00e9cient grandement l\u2019exp\u00e9rience qu\u2019ils vivent dans le confort de leur auditorium.<\/p>\n<p>L\u2019avis est positif du c\u00f4t\u00e9 des artistes \u00e9galement. M. Turgeon raconte qu\u2019ils sont toujours enthousiastes de venir rencontrer leur public de demain. Il faut se rappeler qu\u2019il s\u2019agit d\u2019artistes enti\u00e8rement qu\u00e9b\u00e9cois, alors, rencontrer des \u00e9l\u00e8ves, cela leur cr\u00e9e une certaine visibilit\u00e9. Ce mois-ci, \u00c9mile Bilodeau sera de passage en Outaouais afin d\u2019y performer dans les \u00e9coles du coin.<\/p>\n<p>Ce projet, prenant de plus en plus d\u2019ampleur, marque beaucoup de jeunes Qu\u00e9b\u00e9cois. Cependant, le directeur g\u00e9n\u00e9ral et artistique du Festif! souhaite pousser cette exp\u00e9rience partout au Canada. Le projet est encore en processus d\u2019organisation, mais il serait possible de voir nos artistes locaux pr\u00e9f\u00e9r\u00e9s dans l\u2019Ouest canadien au courant de l\u2019ann\u00e9e 2024.<\/p>\n","protected":false},"excerpt":{"rendered":"<p>Rose Perron Le directeur g\u00e9n\u00e9ral et artistique du Festif, Cl\u00e9ment Turgeon, organise des concerts de musique dans les \u00e9coles primaires et secondaires partout au Qu\u00e9bec. Cette ann\u00e9e souligne la 7e \u00e9dition du Festif! \u00e0 l\u2019\u00e9cole. En 2017 \u00e0 Baie-Saint Paul, M. Turgeon a contact\u00e9 des artistes qu\u00e9b\u00e9cois pour qu\u2019ils viennent&#8230;<\/p>\n<div class=\"more-container\"><a class=\"more-link\" href=\"http:\/\/www.decmultimedia.ca\/pigeon2014\/le-festif-expose-les-jeunes-a-la-musique\/\" itemprop=\"url\">Continue reading<\/a><\/div>\n","protected":false},"author":1,"featured_media":7231,"comment_status":"closed","ping_status":"closed","sticky":false,"template":"","format":"standard","meta":{"footnotes":""},"categories":[130,71],"tags":[20],"_links":{"self":[{"href":"http:\/\/www.decmultimedia.ca\/pigeon2014\/wp-json\/wp\/v2\/posts\/7230"}],"collection":[{"href":"http:\/\/www.decmultimedia.ca\/pigeon2014\/wp-json\/wp\/v2\/posts"}],"about":[{"href":"http:\/\/www.decmultimedia.ca\/pigeon2014\/wp-json\/wp\/v2\/types\/post"}],"author":[{"embeddable":true,"href":"http:\/\/www.decmultimedia.ca\/pigeon2014\/wp-json\/wp\/v2\/users\/1"}],"replies":[{"embeddable":true,"href":"http:\/\/www.decmultimedia.ca\/pigeon2014\/wp-json\/wp\/v2\/comments?post=7230"}],"version-history":[{"count":2,"href":"http:\/\/www.decmultimedia.ca\/pigeon2014\/wp-json\/wp\/v2\/posts\/7230\/revisions"}],"predecessor-version":[{"id":7244,"href":"http:\/\/www.decmultimedia.ca\/pigeon2014\/wp-json\/wp\/v2\/posts\/7230\/revisions\/7244"}],"wp:featuredmedia":[{"embeddable":true,"href":"http:\/\/www.decmultimedia.ca\/pigeon2014\/wp-json\/wp\/v2\/media\/7231"}],"wp:attachment":[{"href":"http:\/\/www.decmultimedia.ca\/pigeon2014\/wp-json\/wp\/v2\/media?parent=7230"}],"wp:term":[{"taxonomy":"category","embeddable":true,"href":"http:\/\/www.decmultimedia.ca\/pigeon2014\/wp-json\/wp\/v2\/categories?post=7230"},{"taxonomy":"post_tag","embeddable":true,"href":"http:\/\/www.decmultimedia.ca\/pigeon2014\/wp-json\/wp\/v2\/tags?post=7230"}],"curies":[{"name":"wp","href":"https:\/\/api.w.org\/{rel}","templated":true}]}}